{"id":139741,"date":"2026-05-26T12:37:01","date_gmt":"2026-05-26T19:37:01","guid":{"rendered":"https:\/\/plataformanoticias.mx\/?p=139741"},"modified":"2026-05-26T12:37:01","modified_gmt":"2026-05-26T19:37:01","slug":"ruben-rocha-moya-comparece-ante-la-fgr-en-culiacan-y-reafirma-disposicion-de-colaborar-con-investigaciones","status":"publish","type":"post","link":"https:\/\/plataformanoticias.mx\/?p=139741","title":{"rendered":"Rub\u00e9n Rocha Moya comparece ante la FGR en Culiac\u00e1n y reafirma disposici\u00f3n de colaborar con investigaciones"},"content":{"rendered":"<p>&nbsp;<\/p>\n<p><strong>Culiac\u00e1n, Sinaloa.-<\/strong> El gobernador con licencia de Rub\u00e9n Rocha Moya inform\u00f3 que compareci\u00f3 este martes ante la Fiscal\u00eda General de la Rep\u00fablica, delegaci\u00f3n Culiac\u00e1n, donde respondi\u00f3 a los cuestionamientos formulados por la Agente del Ministerio P\u00fablico Federal.<\/p>\n<p>A trav\u00e9s de un comunicado dirigido a la opini\u00f3n p\u00fablica, Rocha Moya asegur\u00f3 que mantiene \u201cla firme determinaci\u00f3n\u201d de acudir a cualquier llamado que realice la autoridad investigadora, afirmando que lo har\u00e1 las veces que sea necesario.<\/p>\n<p>En el documento, el mandatario con licencia expres\u00f3 su confianza en el Sistema Judicial Mexicano, el Estado de Derecho y las instituciones de justicia del pa\u00eds, se\u00f1alando que estas han sido fortalecidas mediante las reformas impulsadas por el movimiento de la Cuarta Transformaci\u00f3n.<\/p>\n<p>\u201cCon la frente en alto no dejar\u00e9 de luchar porque la verdad prevalezca\u201d, expres\u00f3 en el posicionamiento p\u00fablico.<\/p>\n<p>Asimismo, manifest\u00f3 su respaldo a la presidenta de M\u00e9xico, destacando su liderazgo y defensa de la soberan\u00eda nacional frente a cualquier intento de vulnerarla.<\/p>\n<p>El comunicado fue difundido luego de su presencia ante autoridades federales en la capital sinaloense.<\/p>\n","protected":false},"excerpt":{"rendered":"<p>&nbsp; Culiac\u00e1n, Sinaloa.- El gobernador con licencia de Rub\u00e9n Rocha Moya inform\u00f3 que compareci\u00f3 este martes ante la Fiscal\u00eda General de la Rep\u00fablica, delegaci\u00f3n Culiac\u00e1n, donde respondi\u00f3 a los cuestionamientos formulados por la Agente del Ministerio P\u00fablico Federal. A trav\u00e9s de un comunicado dirigido a la opini\u00f3n p\u00fablica, Rocha Moya asegur\u00f3 que mantiene \u201cla firme<\/p>\n","protected":false},"author":6,"featured_media":139743,"comment_status":"closed","ping_status":"closed","sticky":false,"template":"","format":"standard","meta":{"footnotes":""},"categories":[31],"tags":[],"class_list":["post-139741","post","type-post","status-publish","format-standard","has-post-thumbnail","hentry","category-politica"],"_links":{"self":[{"href":"https:\/\/plataformanoticias.mx\/index.php?rest_route=\/wp\/v2\/posts\/139741","targetHints":{"allow":["GET"]}}],"collection":[{"href":"https:\/\/plataformanoticias.mx\/index.php?rest_route=\/wp\/v2\/posts"}],"about":[{"href":"https:\/\/plataformanoticias.mx\/index.php?rest_route=\/wp\/v2\/types\/post"}],"author":[{"embeddable":true,"href":"https:\/\/plataformanoticias.mx\/index.php?rest_route=\/wp\/v2\/users\/6"}],"replies":[{"embeddable":true,"href":"https:\/\/plataformanoticias.mx\/index.php?rest_route=%2Fwp%2Fv2%2Fcomments&post=139741"}],"version-history":[{"count":1,"href":"https:\/\/plataformanoticias.mx\/index.php?rest_route=\/wp\/v2\/posts\/139741\/revisions"}],"predecessor-version":[{"id":139744,"href":"https:\/\/plataformanoticias.mx\/index.php?rest_route=\/wp\/v2\/posts\/139741\/revisions\/139744"}],"wp:featuredmedia":[{"embeddable":true,"href":"https:\/\/plataformanoticias.mx\/index.php?rest_route=\/wp\/v2\/media\/139743"}],"wp:attachment":[{"href":"https:\/\/plataformanoticias.mx\/index.php?rest_route=%2Fwp%2Fv2%2Fmedia&parent=139741"}],"wp:term":[{"taxonomy":"category","embeddable":true,"href":"https:\/\/plataformanoticias.mx\/index.php?rest_route=%2Fwp%2Fv2%2Fcategories&post=139741"},{"taxonomy":"post_tag","embeddable":true,"href":"https:\/\/plataformanoticias.mx\/index.php?rest_route=%2Fwp%2Fv2%2Ftags&post=139741"}],"curies":[{"name":"wp","href":"https:\/\/api.w.org\/{rel}","templated":true}]}}