{"id":139751,"date":"2026-05-26T14:09:39","date_gmt":"2026-05-26T21:09:39","guid":{"rendered":"https:\/\/plataformanoticias.mx\/?p=139751"},"modified":"2026-05-26T14:10:06","modified_gmt":"2026-05-26T21:10:06","slug":"congreso-de-sinaloa-declara-aprobada-reforma-constitucional-en-materia-de-lenguaje-incluyente","status":"publish","type":"post","link":"https:\/\/plataformanoticias.mx\/?p=139751","title":{"rendered":"Congreso de Sinaloa declara aprobada reforma constitucional en materia de lenguaje incluyente"},"content":{"rendered":"<p>&nbsp;<\/p>\n<p><strong>Culiac\u00e1n, Sinaloa.- E<\/strong>l Congreso del Estado de Sinaloa declar\u00f3 formalmente aprobada la reforma a diversas disposiciones de la Constituci\u00f3n Pol\u00edtica estatal en materia de lenguaje incluyente, luego de concluir el c\u00f3mputo de votos emitidos por los Ayuntamientos de la entidad.<\/p>\n<p>A trav\u00e9s del Acuerdo n\u00famero 090 de la Junta de Coordinaci\u00f3n Pol\u00edtica, se inform\u00f3 que el Poder Legislativo valid\u00f3 la aprobaci\u00f3n del Decreto N\u00famero 425, expedido el pasado 7 de mayo de 2026, mediante el cual se reforman diversos art\u00edculos de la Constituci\u00f3n local con el objetivo de incorporar lenguaje incluyente y fortalecer la igualdad sustantiva.<\/p>\n<p>La reforma surgi\u00f3 a partir de distintas iniciativas presentadas por diputadas y diputados integrantes del Grupo Parlamentario de Morena, enfocadas en actualizar el lenguaje jur\u00eddico de la Constituci\u00f3n para eliminar expresiones discriminatorias y visibilizar de manera incluyente a mujeres y hombres dentro del marco constitucional sinaloense.<\/p>\n<p>Tras ser aprobado por el Congreso estatal, el Decreto fue remitido a los Ayuntamientos para su validaci\u00f3n constitucional. La Junta de Coordinaci\u00f3n Pol\u00edtica inform\u00f3 que los municipios de Escuinapa, Mazatl\u00e1n, Ahome, Badiraguato, Salvador Alvarado, Culiac\u00e1n, Choix, San Ignacio, Sinaloa, Cosal\u00e1, Mocorito, Juan Jos\u00e9 R\u00edos, Concordia y Eldorado emitieron su voto aprobatorio dentro del plazo legal establecido.<\/p>\n<p>Asimismo, se se\u00f1al\u00f3 que, aunque algunos municipios a\u00fan no enviaban su resoluci\u00f3n oficial, ya se contaba con las dos terceras partes necesarias para declarar constitucionalmente v\u00e1lida la reforma.<\/p>\n","protected":false},"excerpt":{"rendered":"<p>&nbsp; Culiac\u00e1n, Sinaloa.- El Congreso del Estado de Sinaloa declar\u00f3 formalmente aprobada la reforma a diversas disposiciones de la Constituci\u00f3n Pol\u00edtica estatal en materia de lenguaje incluyente, luego de concluir el c\u00f3mputo de votos emitidos por los Ayuntamientos de la entidad. A trav\u00e9s del Acuerdo n\u00famero 090 de la Junta de Coordinaci\u00f3n Pol\u00edtica, se inform\u00f3<\/p>\n","protected":false},"author":6,"featured_media":139755,"comment_status":"closed","ping_status":"closed","sticky":false,"template":"","format":"standard","meta":{"footnotes":""},"categories":[31],"tags":[],"class_list":["post-139751","post","type-post","status-publish","format-standard","has-post-thumbnail","hentry","category-politica"],"_links":{"self":[{"href":"https:\/\/plataformanoticias.mx\/index.php?rest_route=\/wp\/v2\/posts\/139751","targetHints":{"allow":["GET"]}}],"collection":[{"href":"https:\/\/plataformanoticias.mx\/index.php?rest_route=\/wp\/v2\/posts"}],"about":[{"href":"https:\/\/plataformanoticias.mx\/index.php?rest_route=\/wp\/v2\/types\/post"}],"author":[{"embeddable":true,"href":"https:\/\/plataformanoticias.mx\/index.php?rest_route=\/wp\/v2\/users\/6"}],"replies":[{"embeddable":true,"href":"https:\/\/plataformanoticias.mx\/index.php?rest_route=%2Fwp%2Fv2%2Fcomments&post=139751"}],"version-history":[{"count":1,"href":"https:\/\/plataformanoticias.mx\/index.php?rest_route=\/wp\/v2\/posts\/139751\/revisions"}],"predecessor-version":[{"id":139754,"href":"https:\/\/plataformanoticias.mx\/index.php?rest_route=\/wp\/v2\/posts\/139751\/revisions\/139754"}],"wp:featuredmedia":[{"embeddable":true,"href":"https:\/\/plataformanoticias.mx\/index.php?rest_route=\/wp\/v2\/media\/139755"}],"wp:attachment":[{"href":"https:\/\/plataformanoticias.mx\/index.php?rest_route=%2Fwp%2Fv2%2Fmedia&parent=139751"}],"wp:term":[{"taxonomy":"category","embeddable":true,"href":"https:\/\/plataformanoticias.mx\/index.php?rest_route=%2Fwp%2Fv2%2Fcategories&post=139751"},{"taxonomy":"post_tag","embeddable":true,"href":"https:\/\/plataformanoticias.mx\/index.php?rest_route=%2Fwp%2Fv2%2Ftags&post=139751"}],"curies":[{"name":"wp","href":"https:\/\/api.w.org\/{rel}","templated":true}]}}