{"id":139781,"date":"2026-05-26T15:37:19","date_gmt":"2026-05-26T22:37:19","guid":{"rendered":"https:\/\/plataformanoticias.mx\/?p=139781"},"modified":"2026-05-26T15:37:19","modified_gmt":"2026-05-26T22:37:19","slug":"el-presidente-antonio-se-preocupa-y-ocupa-de-la-seguridad-vial-del-municipio-sra-claudia-camacho","status":"publish","type":"post","link":"https:\/\/plataformanoticias.mx\/?p=139781","title":{"rendered":"\u201cEl Presidente Antonio se preocupa y ocupa de la seguridad vial del municipio\u201d: Sra. Claudia Camacho."},"content":{"rendered":"<p class=\"s6\" style=\"text-align: left\"><span class=\"s5\">\u00a0<\/span><span class=\"s7\">As\u00ed lo expres\u00f3 la vecina del sector \u00c1lamos Country, <\/span><span class=\"s7\">que vive <\/span><span class=\"s7\">frente al Blvd. Agustina Ram\u00edrez, <\/span><span class=\"s7\">y se present\u00f3 en el lugar para agradecer a las b<\/span><span class=\"s7\">rigada<\/span><span class=\"s7\">s<\/span><span class=\"s7\"> t\u00e9cnica de COMUN de Ahome <\/span><span class=\"s7\">que <\/span><span class=\"s7\">coloca boyas, se\u00f1alamientos de alto, pintura de l\u00edneas blancas y amarilla, y en una segunda fase, por instrucci\u00f3n del Alcalde<\/span><span class=\"s7\">,<\/span><span class=\"s7\"> se colocar\u00e1 se\u00f1al\u00e9tica fluorescente vertical\u2026<\/span><\/p>\n<p class=\"s8\" style=\"text-align: center\"><span class=\"s9\"> <img loading=\"lazy\" decoding=\"async\" class=\"alignnone size-medium wp-image-139783\" src=\"https:\/\/plataformanoticias.mx\/wp-content\/uploads\/2026\/05\/568aa50b-9c9a-4777-bf6d-99b069f2e58d-300x200.jpeg\" alt=\"\" width=\"300\" height=\"200\" srcset=\"https:\/\/plataformanoticias.mx\/wp-content\/uploads\/2026\/05\/568aa50b-9c9a-4777-bf6d-99b069f2e58d-300x200.jpeg 300w, https:\/\/plataformanoticias.mx\/wp-content\/uploads\/2026\/05\/568aa50b-9c9a-4777-bf6d-99b069f2e58d-1024x683.jpeg 1024w, https:\/\/plataformanoticias.mx\/wp-content\/uploads\/2026\/05\/568aa50b-9c9a-4777-bf6d-99b069f2e58d-768x512.jpeg 768w, https:\/\/plataformanoticias.mx\/wp-content\/uploads\/2026\/05\/568aa50b-9c9a-4777-bf6d-99b069f2e58d.jpeg 1280w\" sizes=\"auto, (max-width: 300px) 100vw, 300px\" \/><\/span><\/p>\n<p class=\"s8\"><strong><span class=\"s9\"><span class=\"bumpedFont15\">Los <\/span><\/span><span class=\"s9\"><span class=\"bumpedFont15\">Mochis,<\/span><\/span> <span class=\"s9\"><span class=\"bumpedFont15\">Ahome, <\/span><\/span><span class=\"s9\"><span class=\"bumpedFont15\">Sinaloa<\/span><\/span><\/strong><span class=\"s9\"><span class=\"bumpedFont15\"><strong>.-<\/strong> <\/span><\/span><span class=\"s10\"><span class=\"bumpedFont15\">Ante los lamentables accidentes ocurridos el fin de semana sobre el bulevar Agustina Ram\u00edrez, en el sector \u00c1lamos Country de la ciudad de Los Mochis, personal de la <\/span><\/span><span class=\"s10\"><span class=\"bumpedFont15\">Comisi\u00f3n Municipal de Desarrollo de Centros Poblados<\/span><\/span><span class=\"s10\"><span class=\"bumpedFont15\">(COMUN) Ahome, se aboc\u00f3 de inmediato a actualizar la se\u00f1al\u00e9tica vial en ese sector para prevenir m\u00e1s percances.<\/span><\/span><\/p>\n<p class=\"s8\"><span class=\"s10\">\u00a0<\/span><\/p>\n<p class=\"s8\"><span class=\"s10\"><span class=\"bumpedFont15\">El coordinador de la brigada de empleados municipales, Rub\u00e9n Estrada, detall\u00f3 que por instrucci\u00f3n del Alcalde Antonio Men\u00e9ndez De Llano Berm\u00fadez y el Director de COMUN, Salvador Romano, est\u00e1n atendiendo el caso.<\/span><\/span><\/p>\n<p class=\"s8\"><span class=\"s10\">\u00a0<\/span><\/p>\n<p class=\"s8\"><span class=\"s10\"><span class=\"bumpedFont15\">\u201cEn una primera fase emergente estamos trabajando en la se\u00f1al\u00e9tica de pintura sobre el concreto, tanto de las l\u00edneas blancas continuas con pintura termopl\u00e1stica, colocaci\u00f3n de boyas, pintura amarilla en las guarniciones, adem\u00e1s de se\u00f1alamientos de alto y flechas indicativas del sentido de las vuelta y retorno por el cuerpo norte de dicho bulevar, entre R\u00edo Las Ca\u00f1as y Zacatecas\u201d, expres\u00f3.<\/span><\/span><\/p>\n<p class=\"s8\" style=\"text-align: center\"><span class=\"s10\"> <img loading=\"lazy\" decoding=\"async\" class=\"alignnone size-medium wp-image-139786\" src=\"https:\/\/plataformanoticias.mx\/wp-content\/uploads\/2026\/05\/ab4ba2ea-eb23-4139-b60e-111c359c44fe-300x200.jpeg\" alt=\"\" width=\"300\" height=\"200\" srcset=\"https:\/\/plataformanoticias.mx\/wp-content\/uploads\/2026\/05\/ab4ba2ea-eb23-4139-b60e-111c359c44fe-300x200.jpeg 300w, https:\/\/plataformanoticias.mx\/wp-content\/uploads\/2026\/05\/ab4ba2ea-eb23-4139-b60e-111c359c44fe-1024x683.jpeg 1024w, https:\/\/plataformanoticias.mx\/wp-content\/uploads\/2026\/05\/ab4ba2ea-eb23-4139-b60e-111c359c44fe-768x512.jpeg 768w, https:\/\/plataformanoticias.mx\/wp-content\/uploads\/2026\/05\/ab4ba2ea-eb23-4139-b60e-111c359c44fe.jpeg 1280w\" sizes=\"auto, (max-width: 300px) 100vw, 300px\" \/><\/span><\/p>\n<p class=\"s8\"><span class=\"s10\"><span class=\"bumpedFont15\">Abund\u00f3 que en una segunda etapa se colocar\u00e1 se\u00f1al\u00e9tica vertical<\/span><\/span><span class=\"s10\"><span class=\"bumpedFont15\"> con material fluorescente que se reflejan con la luz de los autos en la noche, para reforzar la prevenci\u00f3n de accidentes, incluyendo se\u00f1alamientos de l\u00edmite de velocidad.<\/span><\/span><\/p>\n<p class=\"s8\"><span class=\"s10\">\u00a0<\/span><\/p>\n<p class=\"s8\"><span class=\"s10\"><span class=\"bumpedFont15\">Por su parte, la se\u00f1ora Claudia Camacho, quien vive frente al lugar, agradeci\u00f3 la pronta atenci\u00f3n de la autoridad al llamado de los vecinos para asegurar el \u00e1rea y respetar los \u00e1rboles.<\/span><\/span><\/p>\n<p class=\"s8\" style=\"text-align: center\"><span class=\"s10\"> <img loading=\"lazy\" decoding=\"async\" class=\"alignnone size-medium wp-image-139785\" src=\"https:\/\/plataformanoticias.mx\/wp-content\/uploads\/2026\/05\/e4265312-5319-4a76-bfee-eb6bb4bd955d-300x200.jpeg\" alt=\"\" width=\"300\" height=\"200\" srcset=\"https:\/\/plataformanoticias.mx\/wp-content\/uploads\/2026\/05\/e4265312-5319-4a76-bfee-eb6bb4bd955d-300x200.jpeg 300w, https:\/\/plataformanoticias.mx\/wp-content\/uploads\/2026\/05\/e4265312-5319-4a76-bfee-eb6bb4bd955d-1024x683.jpeg 1024w, https:\/\/plataformanoticias.mx\/wp-content\/uploads\/2026\/05\/e4265312-5319-4a76-bfee-eb6bb4bd955d-768x512.jpeg 768w, https:\/\/plataformanoticias.mx\/wp-content\/uploads\/2026\/05\/e4265312-5319-4a76-bfee-eb6bb4bd955d.jpeg 1280w\" sizes=\"auto, (max-width: 300px) 100vw, 300px\" \/><\/span><\/p>\n<p class=\"s8\"><span class=\"s10\"><span class=\"bumpedFont15\">\u201cLe damos las gracias al Ayuntamiento y al se\u00f1or Presidente Antonio Men\u00e9ndez por ayudarnos y tomarnos en cuenta con lo que est\u00e1 pasando. Esto que est\u00e1n haciendo hac\u00eda mucha falta, por eso de nuevo muchas gracias por haberse preocupado y ocupado de nosotros, y darle la importancia que se debe dar a estos se\u00f1alamientos que nos est\u00e1n colocando\u201d, expres\u00f3 la se\u00f1ora Claudia, quien se\u00f1al<\/span><\/span><span class=\"s10\"><span class=\"bumpedFont15\">\u00f3<\/span><\/span><span class=\"s10\"><span class=\"bumpedFont15\"> que vive en el sector <\/span><\/span><span class=\"s10\"><span class=\"bumpedFont15\">desde 2009 y dicha r\u00faa se ha convertido un bulevar <\/span><\/span><span class=\"s10\"><span class=\"bumpedFont15\">muy imp<\/span><\/span><span class=\"s10\"><span class=\"bumpedFont15\">o<\/span><\/span><span class=\"s10\"><span class=\"bumpedFont15\">r<\/span><\/span><span class=\"s10\"><span class=\"bumpedFont15\">t<\/span><\/span><span class=\"s10\"><span class=\"bumpedFont15\">ante para el <\/span><\/span><span class=\"s10\"><span class=\"bumpedFont15\">de<\/span><\/span><span class=\"s10\"><span class=\"bumpedFont15\">s<\/span><\/span><span class=\"s10\"><span class=\"bumpedFont15\">fogue <\/span><\/span><span class=\"s10\"><span class=\"bumpedFont15\">de<\/span><\/span><span class=\"s10\"><span class=\"bumpedFont15\">l<\/span><\/span><span class=\"s10\"><span class=\"bumpedFont15\"> tr<\/span><\/span><span class=\"s10\"><span class=\"bumpedFont15\">\u00e1fico <\/span><\/span><span class=\"s10\"><span class=\"bumpedFont15\">de la ciudad<\/span><\/span><span class=\"s10\"><span class=\"bumpedFont15\">.<\/span><\/span><\/p>\n<p class=\"s8\"><span class=\"s10\">\u00a0<\/span><\/p>\n","protected":false},"excerpt":{"rendered":"<p>\u00a0As\u00ed lo expres\u00f3 la vecina del sector \u00c1lamos Country, que vive frente al Blvd. Agustina Ram\u00edrez, y se present\u00f3 en el lugar para agradecer a las brigadas t\u00e9cnica de COMUN de Ahome que coloca boyas, se\u00f1alamientos de alto, pintura de l\u00edneas blancas y amarilla, y en una segunda fase, por instrucci\u00f3n del Alcalde, se colocar\u00e1<\/p>\n","protected":false},"author":6,"featured_media":139784,"comment_status":"closed","ping_status":"closed","sticky":false,"template":"","format":"standard","meta":{"footnotes":""},"categories":[38],"tags":[],"class_list":["post-139781","post","type-post","status-publish","format-standard","has-post-thumbnail","hentry","category-locales"],"_links":{"self":[{"href":"https:\/\/plataformanoticias.mx\/index.php?rest_route=\/wp\/v2\/posts\/139781","targetHints":{"allow":["GET"]}}],"collection":[{"href":"https:\/\/plataformanoticias.mx\/index.php?rest_route=\/wp\/v2\/posts"}],"about":[{"href":"https:\/\/plataformanoticias.mx\/index.php?rest_route=\/wp\/v2\/types\/post"}],"author":[{"embeddable":true,"href":"https:\/\/plataformanoticias.mx\/index.php?rest_route=\/wp\/v2\/users\/6"}],"replies":[{"embeddable":true,"href":"https:\/\/plataformanoticias.mx\/index.php?rest_route=%2Fwp%2Fv2%2Fcomments&post=139781"}],"version-history":[{"count":1,"href":"https:\/\/plataformanoticias.mx\/index.php?rest_route=\/wp\/v2\/posts\/139781\/revisions"}],"predecessor-version":[{"id":139787,"href":"https:\/\/plataformanoticias.mx\/index.php?rest_route=\/wp\/v2\/posts\/139781\/revisions\/139787"}],"wp:featuredmedia":[{"embeddable":true,"href":"https:\/\/plataformanoticias.mx\/index.php?rest_route=\/wp\/v2\/media\/139784"}],"wp:attachment":[{"href":"https:\/\/plataformanoticias.mx\/index.php?rest_route=%2Fwp%2Fv2%2Fmedia&parent=139781"}],"wp:term":[{"taxonomy":"category","embeddable":true,"href":"https:\/\/plataformanoticias.mx\/index.php?rest_route=%2Fwp%2Fv2%2Fcategories&post=139781"},{"taxonomy":"post_tag","embeddable":true,"href":"https:\/\/plataformanoticias.mx\/index.php?rest_route=%2Fwp%2Fv2%2Ftags&post=139781"}],"curies":[{"name":"wp","href":"https:\/\/api.w.org\/{rel}","templated":true}]}}