{"id":139806,"date":"2026-05-26T16:50:24","date_gmt":"2026-05-26T23:50:24","guid":{"rendered":"https:\/\/plataformanoticias.mx\/?p=139806"},"modified":"2026-05-26T16:50:31","modified_gmt":"2026-05-26T23:50:31","slug":"en-sinaloa-continua-el-registro-a-la-credencial-del-servicio-universal-de-salud-en-los-modulos-de-bienestar","status":"publish","type":"post","link":"https:\/\/plataformanoticias.mx\/?p=139806","title":{"rendered":"En Sinaloa contin\u00faa el registro a la credencial del Servicio Universal de Salud en los M\u00f3dulos de Bienestar"},"content":{"rendered":"<p class=\"s7\"><span class=\"s11\">\u25cf <\/span><span class=\"s4\"><span class=\"bumpedFont17\">Los derechohabientes de<\/span><\/span><span class=\"s4\"><span class=\"bumpedFont17\"> las <\/span><\/span><span class=\"s4\"><span class=\"bumpedFont17\">Pensiones para Adultos Mayores y Personas con Discapacidad deben registrarse<\/span><\/span><span class=\"s4\"><span class=\"bumpedFont17\">, se\u00f1al\u00f3 <\/span><\/span><span class=\"s4\"><span class=\"bumpedFont17\">el<\/span><\/span><span class=\"s4\"><span class=\"bumpedFont17\"> delegad<\/span><\/span><span class=\"s4\"><span class=\"bumpedFont17\">o<\/span><\/span> <span class=\"s4\"><span class=\"bumpedFont17\">\u00c1ngel<\/span><\/span><span class=\"s4\"><span class=\"bumpedFont17\"> Ul<\/span><\/span><span class=\"s4\"><span class=\"bumpedFont17\">ises P<\/span><\/span><span class=\"s4\"><span class=\"bumpedFont17\">i\u00f1a Garc\u00eda<\/span><\/span><\/p>\n<p class=\"s7\" style=\"text-align: center\"><span class=\"s4\"> <img loading=\"lazy\" decoding=\"async\" class=\"alignnone size-medium wp-image-139808\" src=\"https:\/\/plataformanoticias.mx\/wp-content\/uploads\/2026\/05\/e814e6d8-5baa-41a7-a650-7a019c5d8416-300x200.jpeg\" alt=\"\" width=\"300\" height=\"200\" srcset=\"https:\/\/plataformanoticias.mx\/wp-content\/uploads\/2026\/05\/e814e6d8-5baa-41a7-a650-7a019c5d8416-300x200.jpeg 300w, https:\/\/plataformanoticias.mx\/wp-content\/uploads\/2026\/05\/e814e6d8-5baa-41a7-a650-7a019c5d8416-1024x683.jpeg 1024w, https:\/\/plataformanoticias.mx\/wp-content\/uploads\/2026\/05\/e814e6d8-5baa-41a7-a650-7a019c5d8416-768x512.jpeg 768w, https:\/\/plataformanoticias.mx\/wp-content\/uploads\/2026\/05\/e814e6d8-5baa-41a7-a650-7a019c5d8416.jpeg 1280w\" sizes=\"auto, (max-width: 300px) 100vw, 300px\" \/><\/span><\/p>\n<p class=\"s7\"><span class=\"s13\"><span class=\"bumpedFont17\">E<\/span><\/span><span class=\"s13\"><span class=\"bumpedFont17\">l <\/span><\/span><span class=\"s13\"><span class=\"bumpedFont17\">delegad<\/span><\/span><span class=\"s13\"><span class=\"bumpedFont17\">o<\/span><\/span><span class=\"s13\"><span class=\"bumpedFont17\"> de <\/span><\/span><span class=\"s13\"><span class=\"bumpedFont17\">Bienestar<\/span><\/span><span class=\"s13\"><span class=\"bumpedFont17\"> en <\/span><\/span><span class=\"s13\"><span class=\"bumpedFont17\">S<\/span><\/span><span class=\"s13\"><span class=\"bumpedFont17\">inaloa<\/span><\/span><span class=\"s13\"><span class=\"bumpedFont17\">, <\/span><\/span><span class=\"s13\"><span class=\"bumpedFont17\">\u00c1ngel<\/span><\/span><span class=\"s13\"><span class=\"bumpedFont17\"> Ulises Pi\u00f1a Garc\u00eda<\/span><\/span><span class=\"s4\"><span class=\"bumpedFont17\">, <\/span><\/span><span class=\"s4\"><span class=\"bumpedFont17\">inform<\/span><\/span><span class=\"s4\"><span class=\"bumpedFont17\">\u00f3 <\/span><\/span><span class=\"s4\"><span class=\"bumpedFont17\">que contin\u00faa <\/span><\/span><span class=\"s4\"><span class=\"bumpedFont17\">hasta el 14 de noviembre, <\/span><\/span><span class=\"s4\"><span class=\"bumpedFont17\">el registro para la <\/span><\/span><span class=\"s4\"><span class=\"bumpedFont17\">c<\/span><\/span><span class=\"s4\"><span class=\"bumpedFont17\">redencial del Servicio Universal de Salud para los derechohabientes de las Pensiones para Adultos Mayores y Personas con Discapacidad en las capitales de 24 entidades del pa\u00eds<\/span><\/span><span class=\"s4\"><span class=\"bumpedFont17\"> donde el servicio de salud <\/span><\/span><span class=\"s4\"><span class=\"bumpedFont17\">est\u00e1 federalizado<\/span><\/span><span class=\"s4\"><span class=\"bumpedFont17\">.<\/span><\/span><\/p>\n<p class=\"s7\"><span class=\"s4\"><span class=\"bumpedFont17\">El registro inici\u00f3 en 228 m\u00f3dulos, a la fecha se tienen 2 mil 136 M\u00f3dulos<\/span><\/span><span class=\"s4\"><span class=\"bumpedFont17\">. <\/span><\/span><span class=\"s4\"><span class=\"bumpedFont17\">E<\/span><\/span><span class=\"s4\"><span class=\"bumpedFont17\">l <\/span><\/span><span class=\"s4\"><span class=\"bumpedFont17\">estado de <\/span><\/span><span class=\"s4\"><span class=\"bumpedFont17\">Sin<\/span><\/span><span class=\"s4\"><span class=\"bumpedFont17\">aloa <\/span><\/span><span class=\"s4\"><span class=\"bumpedFont17\">cuenta con 2<\/span><\/span><span class=\"s4\"><span class=\"bumpedFont17\">4 <\/span><\/span><span class=\"s4\"><span class=\"bumpedFont17\">m\u00f3dulos<\/span><\/span><span class=\"s4\"><span class=\"bumpedFont17\"> de <\/span><\/span><span class=\"s4\"><span class=\"bumpedFont17\">registro<\/span><\/span> <span class=\"s4\"><span class=\"bumpedFont17\">que prestan atenci\u00f3n de lunes a s\u00e1bado de 9:00 de la ma\u00f1ana a 0<\/span><\/span><span class=\"s4\"><span class=\"bumpedFont17\">5<\/span><\/span><span class=\"s4\"><span class=\"bumpedFont17\">:00 de la tarde.<\/span><\/span><span class=\"s4\"><span class=\"bumpedFont17\"> La ubicaci\u00f3n de los m\u00f3dulos <\/span><\/span><span class=\"s4\"><span class=\"bumpedFont17\">puede consultarse <\/span><\/span><span class=\"s4\"><span class=\"bumpedFont17\">en la p\u00e1gina<\/span><\/span><span class=\"s4\"><span class=\"bumpedFont17\"> de la Secretar\u00eda de Bienestar<\/span><\/span><a href=\"http:\/\/www.gob.mx\/bienestar%20\/h\"><span class=\"s14\"><span class=\"bumpedFont17\">www.gob.mx\/bienestar<\/span><\/span><\/a><span class=\"s15\"><span class=\"bumpedFont17\">. \u00a0 <\/span><\/span><\/p>\n<p class=\"s7\"><span class=\"s4\">\u00a0<\/span><span class=\"s4\"><span class=\"bumpedFont17\">El<\/span><\/span><span class=\"s4\"><span class=\"bumpedFont17\"> delegad<\/span><\/span><span class=\"s4\"><span class=\"bumpedFont17\">o<\/span><\/span><span class=\"s4\"><span class=\"bumpedFont17\"> de Bienestar a\u00f1adi\u00f3 <\/span><\/span><span class=\"s4\"><span class=\"bumpedFont17\">que,<\/span><\/span><span class=\"s4\"><span class=\"bumpedFont17\"> para brindar mejor atenci\u00f3n, el registro se realiza de acuerdo con la letra del primer apellido de las y los derechohabientes, bajo el siguiente calendario: La primera y tercera semana de cada mes hasta el 14 de noviembre<\/span><\/span><span class=\"s4\"><span class=\"bumpedFont17\">, corresponde a las letras.<\/span><\/span><\/p>\n<p class=\"s7\"><span class=\"s4\">\u00a0<\/span><\/p>\n<table>\n<tbody>\n<tr>\n<td class=\"s16\">\n<div>\n<p class=\"s7\"><span class=\"s17\">LETRA<\/span><\/p>\n<\/div>\n<\/td>\n<td class=\"s16\">\n<div>\n<p class=\"s7\"><span class=\"s17\">D\u00cdA<\/span><\/p>\n<\/div>\n<\/td>\n<\/tr>\n<tr>\n<td class=\"s16\">\n<div>\n<p class=\"s7\"><span class=\"s4\">A, B<\/span><\/p>\n<\/div>\n<\/td>\n<td class=\"s16\">\n<div>\n<p class=\"s7\"><span class=\"s4\">LUNES<\/span><\/p>\n<\/div>\n<\/td>\n<\/tr>\n<tr>\n<td class=\"s16\">\n<div>\n<p class=\"s7\"><span class=\"s4\">C<\/span><\/p>\n<\/div>\n<\/td>\n<td class=\"s16\">\n<div>\n<p class=\"s7\"><span class=\"s4\">MARTES<\/span><\/p>\n<\/div>\n<\/td>\n<\/tr>\n<tr>\n<td class=\"s16\">\n<div>\n<p class=\"s7\"><span class=\"s4\">D, E, F<\/span><\/p>\n<\/div>\n<\/td>\n<td class=\"s16\">\n<div>\n<p class=\"s7\"><span class=\"s4\">MI\u00c9RCOLES<\/span><\/p>\n<\/div>\n<\/td>\n<\/tr>\n<tr>\n<td class=\"s16\">\n<div>\n<p class=\"s7\"><span class=\"s4\">G<\/span><\/p>\n<\/div>\n<\/td>\n<td class=\"s16\">\n<div>\n<p class=\"s7\"><span class=\"s4\">JUEVES<\/span><\/p>\n<\/div>\n<\/td>\n<\/tr>\n<tr>\n<td class=\"s16\">\n<div>\n<p class=\"s7\"><span class=\"s4\">H, I, J, K, L<\/span><\/p>\n<\/div>\n<\/td>\n<td class=\"s16\">\n<div>\n<p class=\"s7\"><span class=\"s4\">VIERNES <\/span><\/p>\n<\/div>\n<\/td>\n<\/tr>\n<tr>\n<td class=\"s16\">\n<div>\n<p class=\"s7\"><span class=\"s4\">REZAGADOS<\/span><\/p>\n<\/div>\n<\/td>\n<td class=\"s16\">\n<div>\n<p class=\"s7\"><span class=\"s4\">S\u00c1BADO<\/span><\/p>\n<\/div>\n<\/td>\n<\/tr>\n<\/tbody>\n<\/table>\n<p class=\"s7\"><span class=\"s4\">\u00a0<\/span><\/p>\n<p class=\"s7\"><span class=\"s4\"><span class=\"bumpedFont17\">En la segunda y cuarta semana de cada mes hasta el 14 de noviembre, el registro es para las personas que su primer apellido inicia con:<\/span><\/span><\/p>\n<p class=\"s7\"><span class=\"s4\">\u00a0<\/span><\/p>\n<table>\n<tbody>\n<tr>\n<td class=\"s16\">\n<div>\n<p class=\"s7\"><span class=\"s17\">LETRA<\/span><\/p>\n<\/div>\n<\/td>\n<td class=\"s16\">\n<div>\n<p class=\"s7\"><span class=\"s17\">D\u00cdA<\/span><\/p>\n<\/div>\n<\/td>\n<\/tr>\n<tr>\n<td class=\"s16\">\n<div>\n<p class=\"s7\"><span class=\"s4\">M<\/span><\/p>\n<\/div>\n<\/td>\n<td class=\"s16\">\n<div>\n<p class=\"s7\"><span class=\"s4\">LUNES<\/span><\/p>\n<\/div>\n<\/td>\n<\/tr>\n<tr>\n<td class=\"s16\">\n<div>\n<p class=\"s7\"><span class=\"s4\">N, \u00d1, O, P, Q<\/span><\/p>\n<\/div>\n<\/td>\n<td class=\"s16\">\n<div>\n<p class=\"s7\"><span class=\"s4\">MARTES<\/span><\/p>\n<\/div>\n<\/td>\n<\/tr>\n<tr>\n<td class=\"s16\">\n<div>\n<p class=\"s7\"><span class=\"s4\">R<\/span><\/p>\n<\/div>\n<\/td>\n<td class=\"s16\">\n<div>\n<p class=\"s7\"><span class=\"s4\">MI\u00c9RCOLES<\/span><\/p>\n<\/div>\n<\/td>\n<\/tr>\n<tr>\n<td class=\"s16\">\n<div>\n<p class=\"s7\"><span class=\"s4\">S, T, U<\/span><\/p>\n<\/div>\n<\/td>\n<td class=\"s16\">\n<div>\n<p class=\"s7\"><span class=\"s4\">JUEVES<\/span><\/p>\n<\/div>\n<\/td>\n<\/tr>\n<tr>\n<td class=\"s16\">\n<div>\n<p class=\"s7\"><span class=\"s4\">V, W, X, Y, Z<\/span><\/p>\n<\/div>\n<\/td>\n<td class=\"s16\">\n<div>\n<p class=\"s7\"><span class=\"s4\">VIERNES <\/span><\/p>\n<\/div>\n<\/td>\n<\/tr>\n<tr>\n<td class=\"s16\">\n<div>\n<p class=\"s7\"><span class=\"s4\">REZAGADOS<\/span><\/p>\n<\/div>\n<\/td>\n<td class=\"s16\">\n<div>\n<p class=\"s7\"><span class=\"s4\">S\u00c1BADO<\/span><\/p>\n<\/div>\n<\/td>\n<\/tr>\n<\/tbody>\n<\/table>\n<p class=\"s7\"><span class=\"s4\"><span class=\"bumpedFont17\">Los documentos para realizar el registro son: <\/span><\/span><\/p>\n<div class=\"s18\"><span class=\"s11\">\u25cf <\/span><span class=\"s4\"><span class=\"bumpedFont17\">Identificaci\u00f3n oficial con fotograf\u00eda (pasaporte, credencial para votar, c\u00e9dula profesional, credencial del INAPAM, cartilla del Servicio Militar Nacional, constancia de identidad con fotograf\u00eda expedida por autoridad federal, estatal o municipal)<\/span><\/span><\/div>\n<div class=\"s12\"><span class=\"s11\">\u25cf <\/span><span class=\"s19\"><span class=\"bumpedFont17\">Comprobante de domicilio (no mayor a 6 meses, agua, luz, predial, pago de servicio)<\/span><\/span><\/div>\n<div class=\"s12\"><span class=\"s11\">\u25cf <\/span><span class=\"s19\"><span class=\"bumpedFont17\">Tel\u00e9fono de contacto<\/span><\/span><\/div>\n<p class=\"s7\"><span class=\"s13\"><span class=\"bumpedFont17\">Ulises Pi<\/span><\/span><span class=\"s13\"><span class=\"bumpedFont17\">\u00f1a <\/span><\/span><span class=\"s4\"><span class=\"bumpedFont17\">agreg\u00f3<\/span><\/span><span class=\"s4\"><span class=\"bumpedFont17\"> que las personas con discapacidad <\/span><\/span><span class=\"s4\"><span class=\"bumpedFont17\">menores de 18 a\u00f1os <\/span><\/span><span class=\"s4\"><span class=\"bumpedFont17\">acompa\u00f1ados de madre, padre o tutor ser\u00e1n credencializados.<\/span><\/span><span class=\"s15\"><span class=\"bumpedFont17\"> \u00a0<\/span><\/span><\/p>\n","protected":false},"excerpt":{"rendered":"<p>\u25cf Los derechohabientes de las Pensiones para Adultos Mayores y Personas con Discapacidad deben registrarse, se\u00f1al\u00f3 el delegado \u00c1ngel Ulises Pi\u00f1a Garc\u00eda El delegado de Bienestar en Sinaloa, \u00c1ngel Ulises Pi\u00f1a Garc\u00eda, inform\u00f3 que contin\u00faa hasta el 14 de noviembre, el registro para la credencial del Servicio Universal de Salud para los derechohabientes de las<\/p>\n","protected":false},"author":6,"featured_media":139809,"comment_status":"closed","ping_status":"closed","sticky":false,"template":"","format":"standard","meta":{"footnotes":""},"categories":[38],"tags":[],"class_list":["post-139806","post","type-post","status-publish","format-standard","has-post-thumbnail","hentry","category-locales"],"_links":{"self":[{"href":"https:\/\/plataformanoticias.mx\/index.php?rest_route=\/wp\/v2\/posts\/139806","targetHints":{"allow":["GET"]}}],"collection":[{"href":"https:\/\/plataformanoticias.mx\/index.php?rest_route=\/wp\/v2\/posts"}],"about":[{"href":"https:\/\/plataformanoticias.mx\/index.php?rest_route=\/wp\/v2\/types\/post"}],"author":[{"embeddable":true,"href":"https:\/\/plataformanoticias.mx\/index.php?rest_route=\/wp\/v2\/users\/6"}],"replies":[{"embeddable":true,"href":"https:\/\/plataformanoticias.mx\/index.php?rest_route=%2Fwp%2Fv2%2Fcomments&post=139806"}],"version-history":[{"count":1,"href":"https:\/\/plataformanoticias.mx\/index.php?rest_route=\/wp\/v2\/posts\/139806\/revisions"}],"predecessor-version":[{"id":139810,"href":"https:\/\/plataformanoticias.mx\/index.php?rest_route=\/wp\/v2\/posts\/139806\/revisions\/139810"}],"wp:featuredmedia":[{"embeddable":true,"href":"https:\/\/plataformanoticias.mx\/index.php?rest_route=\/wp\/v2\/media\/139809"}],"wp:attachment":[{"href":"https:\/\/plataformanoticias.mx\/index.php?rest_route=%2Fwp%2Fv2%2Fmedia&parent=139806"}],"wp:term":[{"taxonomy":"category","embeddable":true,"href":"https:\/\/plataformanoticias.mx\/index.php?rest_route=%2Fwp%2Fv2%2Fcategories&post=139806"},{"taxonomy":"post_tag","embeddable":true,"href":"https:\/\/plataformanoticias.mx\/index.php?rest_route=%2Fwp%2Fv2%2Ftags&post=139806"}],"curies":[{"name":"wp","href":"https:\/\/api.w.org\/{rel}","templated":true}]}}