{"id":139811,"date":"2026-05-26T17:13:52","date_gmt":"2026-05-27T00:13:52","guid":{"rendered":"https:\/\/plataformanoticias.mx\/?p=139811"},"modified":"2026-05-26T17:13:52","modified_gmt":"2026-05-27T00:13:52","slug":"gobierno-de-juan-jose-rios-da-inicio-a-la-semana-nacional-de-salud-publica-2026","status":"publish","type":"post","link":"https:\/\/plataformanoticias.mx\/?p=139811","title":{"rendered":"Gobierno de Juan Jos\u00e9 R\u00edos da Inicio a la Semana Nacional de Salud P\u00fablica 2026."},"content":{"rendered":"<p>&nbsp;<\/p>\n<p><strong>Juan Jose Rios Sinaloa.-<\/strong> Con el objetivo de acercar servicios gratuitos y prevenir enfermedades, el Ayuntamiento de Juan Jos\u00e9 R\u00edos a trav\u00e9s de la Direccion de Salud en coordinacion con la Jurisdiccion Sanitaria #2 dieron inicio a la Semana Nacional de Salud P\u00fablica 2026 bajo la actividad de la Feria de la Salud P\u00fablica.<\/p>\n<p>La jornada se llev\u00f3 a cabo en el Campo Treinta y Ochito de 9:00 a m a 1:00 p m contando con el respaldo constante de la alcaldesa Evangelina Llanes Carre\u00f3n quien contin\u00faa revalidando su compromiso en garantizar el bienestar y salud integral de ni\u00f1as, ni\u00f1os, j\u00f3venes y adultos.<\/p>\n<p><img loading=\"lazy\" decoding=\"async\" class=\"alignnone size-medium wp-image-139815 aligncenter\" src=\"https:\/\/plataformanoticias.mx\/wp-content\/uploads\/2026\/05\/dd4c75fa-18b8-4108-9eee-d032a95f614a-300x169.jpeg\" alt=\"\" width=\"300\" height=\"169\" srcset=\"https:\/\/plataformanoticias.mx\/wp-content\/uploads\/2026\/05\/dd4c75fa-18b8-4108-9eee-d032a95f614a-300x169.jpeg 300w, https:\/\/plataformanoticias.mx\/wp-content\/uploads\/2026\/05\/dd4c75fa-18b8-4108-9eee-d032a95f614a-1024x576.jpeg 1024w, https:\/\/plataformanoticias.mx\/wp-content\/uploads\/2026\/05\/dd4c75fa-18b8-4108-9eee-d032a95f614a-768x432.jpeg 768w, https:\/\/plataformanoticias.mx\/wp-content\/uploads\/2026\/05\/dd4c75fa-18b8-4108-9eee-d032a95f614a.jpeg 1280w\" sizes=\"auto, (max-width: 300px) 100vw, 300px\" \/><\/p>\n<p>Llanes Carre\u00f3n a trav\u00e9s de la Dra. Suri Sadahi Mart\u00ednez Ruiz Directora de Salud, destacan que cuidar la salud es una prioridad, por lo que se trabaja en equipo con las instituciones estatales y federales para mejorar la calidad de vida de la poblaci\u00f3n.<\/p>\n<p>Durante las actividades las y los habitantes accedieron sin costo a m\u00f3dulos de consulta general, consulta oftalmol\u00f3gica, nutrici\u00f3n, atencion al adulto mayor, salud mental, salud reproductiva, salud bucal, vacunas, vacunas antirrabicas para mascotas y corte de cabello, como tambi\u00e9n diferentes servicios de direcciones del Ayuntamiento.<\/p>\n<p><img loading=\"lazy\" decoding=\"async\" class=\"alignnone size-medium wp-image-139816 aligncenter\" src=\"https:\/\/plataformanoticias.mx\/wp-content\/uploads\/2026\/05\/3b693e9c-cf16-41aa-85c6-b1446f673f7a-300x170.jpeg\" alt=\"\" width=\"300\" height=\"170\" srcset=\"https:\/\/plataformanoticias.mx\/wp-content\/uploads\/2026\/05\/3b693e9c-cf16-41aa-85c6-b1446f673f7a-300x170.jpeg 300w, https:\/\/plataformanoticias.mx\/wp-content\/uploads\/2026\/05\/3b693e9c-cf16-41aa-85c6-b1446f673f7a-1024x579.jpeg 1024w, https:\/\/plataformanoticias.mx\/wp-content\/uploads\/2026\/05\/3b693e9c-cf16-41aa-85c6-b1446f673f7a-768x434.jpeg 768w, https:\/\/plataformanoticias.mx\/wp-content\/uploads\/2026\/05\/3b693e9c-cf16-41aa-85c6-b1446f673f7a-1536x868.jpeg 1536w, https:\/\/plataformanoticias.mx\/wp-content\/uploads\/2026\/05\/3b693e9c-cf16-41aa-85c6-b1446f673f7a.jpeg 1600w\" sizes=\"auto, (max-width: 300px) 100vw, 300px\" \/><\/p>\n<p>En el lugar se cont\u00f3 con la valiosa participaci\u00f3n del Dr. Everardo C\u00e1rdenas, Jefe de la Jurisdicci\u00f3n Sanitaria No. 2, la Dra. Jatzibe Cuadras Directora del Centro de Salud JJR; las y los regidores Yadira Salazar Martinez, Mar\u00eda Elizabeth Alonso Apodaca, Mar\u00eda Teresa Mondaca Cota, Doroteo L\u00f3pez y el Comisario Municipal, Jesus Antonio Romero Mora.<\/p>\n<p>El Gobierno Municipal reitera que, cuidar la salud es fundamental para el bienestar de todas y todos.<\/p>\n","protected":false},"excerpt":{"rendered":"<p>&nbsp; Juan Jose Rios Sinaloa.- Con el objetivo de acercar servicios gratuitos y prevenir enfermedades, el Ayuntamiento de Juan Jos\u00e9 R\u00edos a trav\u00e9s de la Direccion de Salud en coordinacion con la Jurisdiccion Sanitaria #2 dieron inicio a la Semana Nacional de Salud P\u00fablica 2026 bajo la actividad de la Feria de la Salud P\u00fablica.<\/p>\n","protected":false},"author":6,"featured_media":139814,"comment_status":"closed","ping_status":"closed","sticky":false,"template":"","format":"standard","meta":{"footnotes":""},"categories":[27],"tags":[],"class_list":["post-139811","post","type-post","status-publish","format-standard","has-post-thumbnail","hentry","category-norte"],"_links":{"self":[{"href":"https:\/\/plataformanoticias.mx\/index.php?rest_route=\/wp\/v2\/posts\/139811","targetHints":{"allow":["GET"]}}],"collection":[{"href":"https:\/\/plataformanoticias.mx\/index.php?rest_route=\/wp\/v2\/posts"}],"about":[{"href":"https:\/\/plataformanoticias.mx\/index.php?rest_route=\/wp\/v2\/types\/post"}],"author":[{"embeddable":true,"href":"https:\/\/plataformanoticias.mx\/index.php?rest_route=\/wp\/v2\/users\/6"}],"replies":[{"embeddable":true,"href":"https:\/\/plataformanoticias.mx\/index.php?rest_route=%2Fwp%2Fv2%2Fcomments&post=139811"}],"version-history":[{"count":1,"href":"https:\/\/plataformanoticias.mx\/index.php?rest_route=\/wp\/v2\/posts\/139811\/revisions"}],"predecessor-version":[{"id":139817,"href":"https:\/\/plataformanoticias.mx\/index.php?rest_route=\/wp\/v2\/posts\/139811\/revisions\/139817"}],"wp:featuredmedia":[{"embeddable":true,"href":"https:\/\/plataformanoticias.mx\/index.php?rest_route=\/wp\/v2\/media\/139814"}],"wp:attachment":[{"href":"https:\/\/plataformanoticias.mx\/index.php?rest_route=%2Fwp%2Fv2%2Fmedia&parent=139811"}],"wp:term":[{"taxonomy":"category","embeddable":true,"href":"https:\/\/plataformanoticias.mx\/index.php?rest_route=%2Fwp%2Fv2%2Fcategories&post=139811"},{"taxonomy":"post_tag","embeddable":true,"href":"https:\/\/plataformanoticias.mx\/index.php?rest_route=%2Fwp%2Fv2%2Ftags&post=139811"}],"curies":[{"name":"wp","href":"https:\/\/api.w.org\/{rel}","templated":true}]}}