{"id":139818,"date":"2026-05-26T18:48:13","date_gmt":"2026-05-27T01:48:13","guid":{"rendered":"https:\/\/plataformanoticias.mx\/?p=139818"},"modified":"2026-05-26T18:48:13","modified_gmt":"2026-05-27T01:48:13","slug":"mi-tema-es-persecucion-politica-gerardo-vargas-tras-desafuero-por-caso-de-patrullas","status":"publish","type":"post","link":"https:\/\/plataformanoticias.mx\/?p=139818","title":{"rendered":"\u201cMi tema es persecuci\u00f3n pol\u00edtica\u201d: Gerardo Vargas tras desafuero por caso de patrullas"},"content":{"rendered":"<p>&nbsp;<\/p>\n<p>El exalcalde de Ahome, Gerardo Vargas Landeros, asegur\u00f3 a trav\u00e9s de un video difundido en redes sociales que ya cuenta con un documento de la Auditor\u00eda Superior de la Federaci\u00f3n que, seg\u00fan afirm\u00f3, lo libera de solventar observaciones relacionadas con la adquisici\u00f3n de patrullas.<\/p>\n<p>El exfuncionario se\u00f1al\u00f3 que dicho se\u00f1alamiento fue utilizado por el Congreso del Estado de Sinaloa para aprobar su desafuero, el cual cataloga de ilegal, el pasado 1 de mayo de 2025.<\/p>\n<p>\u201cMi tema es persecuci\u00f3n pol\u00edtica\u201d, expres\u00f3 Vargas Landeros, al sostener que las acusaciones en su contra han tenido un trasfondo pol\u00edtico.<\/p>\n<p>El exalcalde afirm\u00f3 que continuar\u00e1 defendiendo su postura p\u00fablicamente y presentando documentaci\u00f3n para demostrar que actu\u00f3 conforme a la ley durante su administraci\u00f3n en el municipio de Ahome.<\/p>\n","protected":false},"excerpt":{"rendered":"<p>&nbsp; El exalcalde de Ahome, Gerardo Vargas Landeros, asegur\u00f3 a trav\u00e9s de un video difundido en redes sociales que ya cuenta con un documento de la Auditor\u00eda Superior de la Federaci\u00f3n que, seg\u00fan afirm\u00f3, lo libera de solventar observaciones relacionadas con la adquisici\u00f3n de patrullas. El exfuncionario se\u00f1al\u00f3 que dicho se\u00f1alamiento fue utilizado por el<\/p>\n","protected":false},"author":6,"featured_media":139820,"comment_status":"closed","ping_status":"closed","sticky":false,"template":"","format":"standard","meta":{"footnotes":""},"categories":[31],"tags":[],"class_list":["post-139818","post","type-post","status-publish","format-standard","has-post-thumbnail","hentry","category-politica"],"_links":{"self":[{"href":"https:\/\/plataformanoticias.mx\/index.php?rest_route=\/wp\/v2\/posts\/139818","targetHints":{"allow":["GET"]}}],"collection":[{"href":"https:\/\/plataformanoticias.mx\/index.php?rest_route=\/wp\/v2\/posts"}],"about":[{"href":"https:\/\/plataformanoticias.mx\/index.php?rest_route=\/wp\/v2\/types\/post"}],"author":[{"embeddable":true,"href":"https:\/\/plataformanoticias.mx\/index.php?rest_route=\/wp\/v2\/users\/6"}],"replies":[{"embeddable":true,"href":"https:\/\/plataformanoticias.mx\/index.php?rest_route=%2Fwp%2Fv2%2Fcomments&post=139818"}],"version-history":[{"count":1,"href":"https:\/\/plataformanoticias.mx\/index.php?rest_route=\/wp\/v2\/posts\/139818\/revisions"}],"predecessor-version":[{"id":139821,"href":"https:\/\/plataformanoticias.mx\/index.php?rest_route=\/wp\/v2\/posts\/139818\/revisions\/139821"}],"wp:featuredmedia":[{"embeddable":true,"href":"https:\/\/plataformanoticias.mx\/index.php?rest_route=\/wp\/v2\/media\/139820"}],"wp:attachment":[{"href":"https:\/\/plataformanoticias.mx\/index.php?rest_route=%2Fwp%2Fv2%2Fmedia&parent=139818"}],"wp:term":[{"taxonomy":"category","embeddable":true,"href":"https:\/\/plataformanoticias.mx\/index.php?rest_route=%2Fwp%2Fv2%2Fcategories&post=139818"},{"taxonomy":"post_tag","embeddable":true,"href":"https:\/\/plataformanoticias.mx\/index.php?rest_route=%2Fwp%2Fv2%2Ftags&post=139818"}],"curies":[{"name":"wp","href":"https:\/\/api.w.org\/{rel}","templated":true}]}}