{"id":139822,"date":"2026-05-26T20:14:11","date_gmt":"2026-05-27T03:14:11","guid":{"rendered":"https:\/\/plataformanoticias.mx\/?p=139822"},"modified":"2026-05-26T20:14:11","modified_gmt":"2026-05-27T03:14:11","slug":"gobierno-de-juan-jose-rios-instala-el-consejo-municipal-de-proteccion-civil","status":"publish","type":"post","link":"https:\/\/plataformanoticias.mx\/?p=139822","title":{"rendered":"Gobierno de Juan Jos\u00e9 R\u00edos Instala el Consejo Municipal de Protecci\u00f3n Civil."},"content":{"rendered":"<p>&nbsp;<\/p>\n<p><strong>Juan Jose Rios, Sinaloa.-<\/strong> Durante una Sesi\u00f3n Ordinaria del Consejo Municipal de Protecci\u00f3n Civil, las y los integrantes Instalaron formalmente los trabajos en coordinaci\u00f3n a realizar en esta proxima temporada de lluvias y tormentas en el municipio, comunidades y sindicaturas.<\/p>\n<p>El objetivo fue revisar las acciones preventivas ante cualquier emergencia, as\u00ed como verificar la ubicaci\u00f3n de los refugios temporales en Juan Jos\u00e9 R\u00edos, asimismo el Dr. Roy Navarrete Cuevas titular de Protecci\u00f3n Civil Sinaloa, form\u00f3 parte fundamental de la sesi\u00f3n reforzando el trabajo en conjunto entre Ayuntamiento, estado y federaci\u00f3n para salvaguardar la vida de la ciudadan\u00eda.<\/p>\n<p><img loading=\"lazy\" decoding=\"async\" class=\"alignnone size-medium wp-image-139824\" src=\"https:\/\/plataformanoticias.mx\/wp-content\/uploads\/2026\/05\/462c9287-51d2-44f9-8c39-b3b8c612ce2f-300x225.jpeg\" alt=\"\" width=\"300\" height=\"225\" srcset=\"https:\/\/plataformanoticias.mx\/wp-content\/uploads\/2026\/05\/462c9287-51d2-44f9-8c39-b3b8c612ce2f-300x225.jpeg 300w, https:\/\/plataformanoticias.mx\/wp-content\/uploads\/2026\/05\/462c9287-51d2-44f9-8c39-b3b8c612ce2f-1024x768.jpeg 1024w, https:\/\/plataformanoticias.mx\/wp-content\/uploads\/2026\/05\/462c9287-51d2-44f9-8c39-b3b8c612ce2f-768x576.jpeg 768w, https:\/\/plataformanoticias.mx\/wp-content\/uploads\/2026\/05\/462c9287-51d2-44f9-8c39-b3b8c612ce2f-1536x1152.jpeg 1536w, https:\/\/plataformanoticias.mx\/wp-content\/uploads\/2026\/05\/462c9287-51d2-44f9-8c39-b3b8c612ce2f.jpeg 1600w\" sizes=\"auto, (max-width: 300px) 100vw, 300px\" \/><\/p>\n<p>El Secretario Alfredo Magallanes Ovalles en representaci\u00f3n de la alcaldesa Evangelina Llanes Carreon destac\u00f3 que la coordinaci\u00f3n entre dependencias es clave para el bienestar integral de los habitantes y que el Gobierno Municipal, Guardia Nacional, SEDENA, Bomberos, Sector Salud, SPyC, Sistema DIF, Cruz Roja, SEMAR, COEPRISS, CONAGUA, Seguridad Ciudadana y Movilidad Sustentable est\u00e1n listos para actuar ante cualquier contingencia.<\/p>\n<p>En Juan Jos\u00e9 R\u00edos la prevenci\u00f3n es tarea de todas y todos para estar preparados ante cualquier fen\u00f3meno natural, por ello en la sesi\u00f3n se presentaron estrategias para la atenci\u00f3n inmediata y protocolos de activacion de los 9 refugios oficiales, como tambi\u00e9n se reforz\u00f3 la total disposici\u00f3n de los regidores, regidoras, dependencias del ayuntamiento, s\u00edndicos y comisariado para apoyar en lo que se requiera.<\/p>\n<p>El Gobierno Municipal que encabeza la alcaldesa Evangelina Llanes Carre\u00f3n reitera el llamado a la ciudadania a mantenerse informada por las p\u00e1ginas oficiales y atender las recomendaciones de Protecci\u00f3n Civil y cuerpos de emergencia.<\/p>\n","protected":false},"excerpt":{"rendered":"<p>&nbsp; Juan Jose Rios, Sinaloa.- Durante una Sesi\u00f3n Ordinaria del Consejo Municipal de Protecci\u00f3n Civil, las y los integrantes Instalaron formalmente los trabajos en coordinaci\u00f3n a realizar en esta proxima temporada de lluvias y tormentas en el municipio, comunidades y sindicaturas. El objetivo fue revisar las acciones preventivas ante cualquier emergencia, as\u00ed como verificar la<\/p>\n","protected":false},"author":6,"featured_media":139826,"comment_status":"closed","ping_status":"closed","sticky":false,"template":"","format":"standard","meta":{"footnotes":""},"categories":[27],"tags":[],"class_list":["post-139822","post","type-post","status-publish","format-standard","has-post-thumbnail","hentry","category-norte"],"_links":{"self":[{"href":"https:\/\/plataformanoticias.mx\/index.php?rest_route=\/wp\/v2\/posts\/139822","targetHints":{"allow":["GET"]}}],"collection":[{"href":"https:\/\/plataformanoticias.mx\/index.php?rest_route=\/wp\/v2\/posts"}],"about":[{"href":"https:\/\/plataformanoticias.mx\/index.php?rest_route=\/wp\/v2\/types\/post"}],"author":[{"embeddable":true,"href":"https:\/\/plataformanoticias.mx\/index.php?rest_route=\/wp\/v2\/users\/6"}],"replies":[{"embeddable":true,"href":"https:\/\/plataformanoticias.mx\/index.php?rest_route=%2Fwp%2Fv2%2Fcomments&post=139822"}],"version-history":[{"count":1,"href":"https:\/\/plataformanoticias.mx\/index.php?rest_route=\/wp\/v2\/posts\/139822\/revisions"}],"predecessor-version":[{"id":139828,"href":"https:\/\/plataformanoticias.mx\/index.php?rest_route=\/wp\/v2\/posts\/139822\/revisions\/139828"}],"wp:featuredmedia":[{"embeddable":true,"href":"https:\/\/plataformanoticias.mx\/index.php?rest_route=\/wp\/v2\/media\/139826"}],"wp:attachment":[{"href":"https:\/\/plataformanoticias.mx\/index.php?rest_route=%2Fwp%2Fv2%2Fmedia&parent=139822"}],"wp:term":[{"taxonomy":"category","embeddable":true,"href":"https:\/\/plataformanoticias.mx\/index.php?rest_route=%2Fwp%2Fv2%2Fcategories&post=139822"},{"taxonomy":"post_tag","embeddable":true,"href":"https:\/\/plataformanoticias.mx\/index.php?rest_route=%2Fwp%2Fv2%2Ftags&post=139822"}],"curies":[{"name":"wp","href":"https:\/\/api.w.org\/{rel}","templated":true}]}}