{"id":139829,"date":"2026-05-26T20:41:59","date_gmt":"2026-05-27T03:41:59","guid":{"rendered":"https:\/\/plataformanoticias.mx\/?p=139829"},"modified":"2026-05-26T20:41:59","modified_gmt":"2026-05-27T03:41:59","slug":"mingo-vazquez-respalda-protesta-de-familias-por-altos-cobros-de-luz-en-ahome","status":"publish","type":"post","link":"https:\/\/plataformanoticias.mx\/?p=139829","title":{"rendered":"\u201cMingo\u201d V\u00e1zquez respalda protesta de familias por altos cobros de luz en Ahome"},"content":{"rendered":"<p>El dirigente del PVEM en Ahome asegur\u00f3 que no tiene facultades para intervenir en tarifas o subsidios, pero expres\u00f3 su solidaridad con las familias afectadas por los recibos excesivos de energ\u00eda el\u00e9ctrica.<\/p>\n<p><strong>Los Mochis, Sinaloa.-<\/strong> El dirigente del Partido Verde Ecologista de M\u00e9xico en Ahome y excandidato a la alcald\u00eda, Jos\u00e9 Domingo \u201cMingo\u201d V\u00e1zquez, expres\u00f3 su respaldo a las familias ahomenses que se mantienen en protesta por los altos cobros de energ\u00eda el\u00e9ctrica.<\/p>\n<p>A trav\u00e9s de un video difundido en sus redes sociales, \u201cMingo\u201d V\u00e1zquez aclar\u00f3 que no tiene ni ha tenido facultades para influir en temas relacionados con tarifas, subsidios o cortes del servicio el\u00e9ctrico; sin embargo, manifest\u00f3 estar a favor de la lucha social que han emprendido cientos de familias afectadas por los recibos de luz.<\/p>\n<p>Asimismo, reiter\u00f3 su solidaridad con los ciudadanos que exigen tarifas m\u00e1s justas y una soluci\u00f3n ante los cobros excesivos que se han registrado en los \u00faltimos meses en el municipio de Ahome.<\/p>\n","protected":false},"excerpt":{"rendered":"<p>El dirigente del PVEM en Ahome asegur\u00f3 que no tiene facultades para intervenir en tarifas o subsidios, pero expres\u00f3 su solidaridad con las familias afectadas por los recibos excesivos de energ\u00eda el\u00e9ctrica. Los Mochis, Sinaloa.- El dirigente del Partido Verde Ecologista de M\u00e9xico en Ahome y excandidato a la alcald\u00eda, Jos\u00e9 Domingo \u201cMingo\u201d V\u00e1zquez, expres\u00f3<\/p>\n","protected":false},"author":6,"featured_media":139831,"comment_status":"closed","ping_status":"closed","sticky":false,"template":"","format":"standard","meta":{"footnotes":""},"categories":[31],"tags":[],"class_list":["post-139829","post","type-post","status-publish","format-standard","has-post-thumbnail","hentry","category-politica"],"_links":{"self":[{"href":"https:\/\/plataformanoticias.mx\/index.php?rest_route=\/wp\/v2\/posts\/139829","targetHints":{"allow":["GET"]}}],"collection":[{"href":"https:\/\/plataformanoticias.mx\/index.php?rest_route=\/wp\/v2\/posts"}],"about":[{"href":"https:\/\/plataformanoticias.mx\/index.php?rest_route=\/wp\/v2\/types\/post"}],"author":[{"embeddable":true,"href":"https:\/\/plataformanoticias.mx\/index.php?rest_route=\/wp\/v2\/users\/6"}],"replies":[{"embeddable":true,"href":"https:\/\/plataformanoticias.mx\/index.php?rest_route=%2Fwp%2Fv2%2Fcomments&post=139829"}],"version-history":[{"count":1,"href":"https:\/\/plataformanoticias.mx\/index.php?rest_route=\/wp\/v2\/posts\/139829\/revisions"}],"predecessor-version":[{"id":139832,"href":"https:\/\/plataformanoticias.mx\/index.php?rest_route=\/wp\/v2\/posts\/139829\/revisions\/139832"}],"wp:featuredmedia":[{"embeddable":true,"href":"https:\/\/plataformanoticias.mx\/index.php?rest_route=\/wp\/v2\/media\/139831"}],"wp:attachment":[{"href":"https:\/\/plataformanoticias.mx\/index.php?rest_route=%2Fwp%2Fv2%2Fmedia&parent=139829"}],"wp:term":[{"taxonomy":"category","embeddable":true,"href":"https:\/\/plataformanoticias.mx\/index.php?rest_route=%2Fwp%2Fv2%2Fcategories&post=139829"},{"taxonomy":"post_tag","embeddable":true,"href":"https:\/\/plataformanoticias.mx\/index.php?rest_route=%2Fwp%2Fv2%2Ftags&post=139829"}],"curies":[{"name":"wp","href":"https:\/\/api.w.org\/{rel}","templated":true}]}}