{"id":139863,"date":"2026-05-27T12:21:39","date_gmt":"2026-05-27T19:21:39","guid":{"rendered":"https:\/\/plataformanoticias.mx\/?p=139863"},"modified":"2026-05-27T12:21:39","modified_gmt":"2026-05-27T19:21:39","slug":"hoy-inicia-la-instalacion-de-las-200-luminarias-mensuales-en-zona-urbana-y-rural-antonio-menendez","status":"publish","type":"post","link":"https:\/\/plataformanoticias.mx\/?p=139863","title":{"rendered":"\u201cHoy inicia la instalaci\u00f3n de las 200 luminarias mensuales en zona urbana y rural\u201d: Antonio Men\u00e9ndez"},"content":{"rendered":"<p class=\"s6\"><span class=\"s5\">.<\/span><span class=\"s7\">As\u00ed lo expres\u00f3 en entrevista el Alcalde, quien detall\u00f3 que adicional a las 200 mensuales con recursos propios del Ayuntamiento, se suman aproximadamente 2 mil 500 con recursos del FAISMUN a trav\u00e9s de los programas de la Secretar\u00eda de Bienestar\u2026<\/span><\/p>\n<p class=\"s8\" style=\"text-align: center\"><span class=\"s9\"> <img loading=\"lazy\" decoding=\"async\" class=\"alignnone size-medium wp-image-139865\" src=\"https:\/\/plataformanoticias.mx\/wp-content\/uploads\/2026\/05\/7503ca4b-020d-45f7-bc04-8886b8b73fa3-300x200.jpeg\" alt=\"\" width=\"300\" height=\"200\" srcset=\"https:\/\/plataformanoticias.mx\/wp-content\/uploads\/2026\/05\/7503ca4b-020d-45f7-bc04-8886b8b73fa3-300x200.jpeg 300w, https:\/\/plataformanoticias.mx\/wp-content\/uploads\/2026\/05\/7503ca4b-020d-45f7-bc04-8886b8b73fa3-1024x683.jpeg 1024w, https:\/\/plataformanoticias.mx\/wp-content\/uploads\/2026\/05\/7503ca4b-020d-45f7-bc04-8886b8b73fa3-768x512.jpeg 768w, https:\/\/plataformanoticias.mx\/wp-content\/uploads\/2026\/05\/7503ca4b-020d-45f7-bc04-8886b8b73fa3.jpeg 1280w\" sizes=\"auto, (max-width: 300px) 100vw, 300px\" \/><\/span><\/p>\n<p class=\"s8\"><strong><span class=\"s9\"><span class=\"bumpedFont15\">Los <\/span><\/span><span class=\"s9\"><span class=\"bumpedFont15\">Mochis,<\/span><\/span> <span class=\"s9\"><span class=\"bumpedFont15\">Ahome, <\/span><\/span><span class=\"s9\"><span class=\"bumpedFont15\">Sinaloa<\/span><\/span><\/strong><span class=\"s9\"><span class=\"bumpedFont15\">.- <\/span><\/span><span class=\"s10\"><span class=\"bumpedFont15\">El programa de alumbrado p\u00fablico que inici\u00f3 con recursos propios el Gobierno Municipal de Ahome, con 200 luminarias por mes, distribuidas 100 para la zona urbana en la ciudad de Los Mochis y 100 en las comunidades rurales de las sindicaturas, avanza satisfactoriamente y esta semana iniciar\u00e1 la instalaci\u00f3n de las del mes correspondiente, inform\u00f3 el Alcalde Antonio Men\u00e9ndez De Llano Berm\u00fadez.<\/span><\/span><\/p>\n<p class=\"s8\"><span class=\"s10\"><span class=\"bumpedFont15\">Detall\u00f3 que este mi\u00e9rcoles inicia<\/span><\/span> <span class=\"s10\"><span class=\"bumpedFont15\">la instalaci\u00f3n de las 100 luminarias <\/span><\/span><span class=\"s10\"><span class=\"bumpedFont15\">en <\/span><\/span><span class=\"s10\"><span class=\"bumpedFont15\">la zona urbana, de las cuales 30 son para la colonia Texas, 10 para la Ferrocarrilera, 20 para el fraccionamiento Jardines Zacatecas, 20 para Las Isabeles y 20 para la colonia Magist<\/span><\/span><span class=\"s10\"><span class=\"bumpedFont15\">e<\/span><\/span><span class=\"s10\"><span class=\"bumpedFont15\">rial.<\/span><\/span><\/p>\n<p class=\"s8\"><span class=\"s10\"><span class=\"bumpedFont15\">Las 100 de la zona rural ser\u00e1n distribuidas 30 para el ejido 1 de Mayo, 20 para Venustiano Carranza, 20 para el ejido Felipe \u00c1ngeles, 20 para Olas Altas y 10 para Los Algodones.<\/span><\/span><\/p>\n<p class=\"s8\"><span class=\"s10\"><span class=\"bumpedFont15\">\u201cAdem\u00e1s de las 200 mensuales que se adquieren con recursos del Ayuntamiento, se suman aproximadamente 2 mil 500 adicionales a trav\u00e9s de la Secretar\u00eda de Bienestar con recursos del Fondo de Aportaciones para la Infraestructura Social Municipal (FAISMUN), del Gobierno Federal, las cuales habr\u00e1n de quedar listas el pr\u00f3ximo mes\u201d, detall\u00f3 Men\u00e9ndez De Llano.<\/span><\/span><\/p>\n<p class=\"s8\"><span class=\"s10\"><span class=\"bumpedFont15\">Manifest\u00f3 que gracias a estos programas se espera ir atendiendo al 100% las luminarias da\u00f1adas en algunas comunidades de la zona rural y colonias de la ciudad de Los Mochis, y que el ejido Compuertas ser\u00eda una de las primeras en alcanzar la meta.<\/span><\/span><\/p>\n<p class=\"s8\"><span class=\"s10\">\u00a0<\/span><\/p>\n<p class=\"s8\"><span class=\"s10\">\u00a0<\/span><\/p>\n","protected":false},"excerpt":{"rendered":"<p>.As\u00ed lo expres\u00f3 en entrevista el Alcalde, quien detall\u00f3 que adicional a las 200 mensuales con recursos propios del Ayuntamiento, se suman aproximadamente 2 mil 500 con recursos del FAISMUN a trav\u00e9s de los programas de la Secretar\u00eda de Bienestar\u2026 Los Mochis, Ahome, Sinaloa.- El programa de alumbrado p\u00fablico que inici\u00f3 con recursos propios el<\/p>\n","protected":false},"author":6,"featured_media":139867,"comment_status":"closed","ping_status":"closed","sticky":false,"template":"","format":"standard","meta":{"footnotes":""},"categories":[38],"tags":[],"class_list":["post-139863","post","type-post","status-publish","format-standard","has-post-thumbnail","hentry","category-locales"],"_links":{"self":[{"href":"https:\/\/plataformanoticias.mx\/index.php?rest_route=\/wp\/v2\/posts\/139863","targetHints":{"allow":["GET"]}}],"collection":[{"href":"https:\/\/plataformanoticias.mx\/index.php?rest_route=\/wp\/v2\/posts"}],"about":[{"href":"https:\/\/plataformanoticias.mx\/index.php?rest_route=\/wp\/v2\/types\/post"}],"author":[{"embeddable":true,"href":"https:\/\/plataformanoticias.mx\/index.php?rest_route=\/wp\/v2\/users\/6"}],"replies":[{"embeddable":true,"href":"https:\/\/plataformanoticias.mx\/index.php?rest_route=%2Fwp%2Fv2%2Fcomments&post=139863"}],"version-history":[{"count":1,"href":"https:\/\/plataformanoticias.mx\/index.php?rest_route=\/wp\/v2\/posts\/139863\/revisions"}],"predecessor-version":[{"id":139868,"href":"https:\/\/plataformanoticias.mx\/index.php?rest_route=\/wp\/v2\/posts\/139863\/revisions\/139868"}],"wp:featuredmedia":[{"embeddable":true,"href":"https:\/\/plataformanoticias.mx\/index.php?rest_route=\/wp\/v2\/media\/139867"}],"wp:attachment":[{"href":"https:\/\/plataformanoticias.mx\/index.php?rest_route=%2Fwp%2Fv2%2Fmedia&parent=139863"}],"wp:term":[{"taxonomy":"category","embeddable":true,"href":"https:\/\/plataformanoticias.mx\/index.php?rest_route=%2Fwp%2Fv2%2Fcategories&post=139863"},{"taxonomy":"post_tag","embeddable":true,"href":"https:\/\/plataformanoticias.mx\/index.php?rest_route=%2Fwp%2Fv2%2Ftags&post=139863"}],"curies":[{"name":"wp","href":"https:\/\/api.w.org\/{rel}","templated":true}]}}