{"id":141763,"date":"2026-05-06T21:25:16","date_gmt":"2026-05-07T04:25:16","guid":{"rendered":"https:\/\/plataformanoticias.mx\/?p=141763"},"modified":"2026-07-05T21:28:19","modified_gmt":"2026-07-06T04:28:19","slug":"gestiona-el-rector-jesus-maduena-ante-el-subsecretario-ricardo-villanueva-lomeli-recursos-extraordinarios-para-hacerle-frente-a-la-critica-situacion-financiera-de-la-uas","status":"publish","type":"post","link":"https:\/\/plataformanoticias.mx\/?p=141763","title":{"rendered":"Gestiona el Rector Jes\u00fas Madue\u00f1a ante el subsecretario Ricardo Villanueva Lomel\u00ed, recursos extraordinarios para hacerle frente a la cr\u00edtica situaci\u00f3n financiera de la UAS"},"content":{"rendered":"<p>Con el firme compromiso de asegurar la estabilidad financiera y operativa de la Universidad Aut\u00f3noma de Sinaloa (UAS), el Rector, doctor Jes\u00fas Madue\u00f1a Molina, encabeza una intensa jornada de gestiones ante la Secretar\u00eda de Educaci\u00f3n P\u00fablica (SEP) federal.<\/p>\n<p>En reuniones estrat\u00e9gicas con el doctor Ricardo Villanueva Lomel\u00ed, subsecretario de Educaci\u00f3n Superior, as\u00ed como con el doctor Carlos Ivan Moreno Arellano, Director General de Educaci\u00f3n Superior Universitaria e Intercultural (DGESUI), el titular de la UAS ha planteado la necesidad urgente de radicar los recursos necesarios para que la universidad pueda seguir realizando sus actividades sustantivas.<br \/>\nDurante el encuentro, el Rector Madue\u00f1a Molina destac\u00f3 que la UAS no solo ha cumplido, sino que ha superado las expectativas institucionales al mantener indicadores de excelencia que benefician a miles de estudiantes y trabajadores.<br \/>\nPor tales motivos, el sub secretario se comprometi\u00f3 con la universidad a gestionar los recursos que le ayuden a enfrentar la crisis financiera por la que atraviesa, producto de los m\u00faltiples compromisos para el cierre de los \u00faltimos cinco a\u00f1os, entre otros, el pago de n\u00f3minas y aguinaldos al personal activo y jubilado.<br \/>\nLa radicaci\u00f3n de estos recursos es fundamental para dar certidumbre a la planta docente y administrativa, as\u00ed como para sostener la infraestructura que permite a la UAS ser el motor de desarrollo social m\u00e1s importante de Sinaloa.<br \/>\nFinalmente, se invita a los rosalinos a estar atentos de los trabajos que se realizan en beneficio de la m\u00e1s que centenaria casa de estudios.<\/p>\n","protected":false},"excerpt":{"rendered":"<p>Con el firme compromiso de asegurar la estabilidad financiera y operativa de la Universidad Aut\u00f3noma de Sinaloa (UAS), el Rector, doctor Jes\u00fas Madue\u00f1a Molina, encabeza una intensa jornada de gestiones ante la Secretar\u00eda de Educaci\u00f3n P\u00fablica (SEP) federal. En reuniones estrat\u00e9gicas con el doctor Ricardo Villanueva Lomel\u00ed, subsecretario de Educaci\u00f3n Superior, as\u00ed como con el<\/p>\n","protected":false},"author":6,"featured_media":141765,"comment_status":"closed","ping_status":"closed","sticky":false,"template":"","format":"standard","meta":{"footnotes":""},"categories":[28],"tags":[],"class_list":["post-141763","post","type-post","status-publish","format-standard","has-post-thumbnail","hentry","category-centro"],"_links":{"self":[{"href":"https:\/\/plataformanoticias.mx\/index.php?rest_route=\/wp\/v2\/posts\/141763","targetHints":{"allow":["GET"]}}],"collection":[{"href":"https:\/\/plataformanoticias.mx\/index.php?rest_route=\/wp\/v2\/posts"}],"about":[{"href":"https:\/\/plataformanoticias.mx\/index.php?rest_route=\/wp\/v2\/types\/post"}],"author":[{"embeddable":true,"href":"https:\/\/plataformanoticias.mx\/index.php?rest_route=\/wp\/v2\/users\/6"}],"replies":[{"embeddable":true,"href":"https:\/\/plataformanoticias.mx\/index.php?rest_route=%2Fwp%2Fv2%2Fcomments&post=141763"}],"version-history":[{"count":1,"href":"https:\/\/plataformanoticias.mx\/index.php?rest_route=\/wp\/v2\/posts\/141763\/revisions"}],"predecessor-version":[{"id":141766,"href":"https:\/\/plataformanoticias.mx\/index.php?rest_route=\/wp\/v2\/posts\/141763\/revisions\/141766"}],"wp:featuredmedia":[{"embeddable":true,"href":"https:\/\/plataformanoticias.mx\/index.php?rest_route=\/wp\/v2\/media\/141765"}],"wp:attachment":[{"href":"https:\/\/plataformanoticias.mx\/index.php?rest_route=%2Fwp%2Fv2%2Fmedia&parent=141763"}],"wp:term":[{"taxonomy":"category","embeddable":true,"href":"https:\/\/plataformanoticias.mx\/index.php?rest_route=%2Fwp%2Fv2%2Fcategories&post=141763"},{"taxonomy":"post_tag","embeddable":true,"href":"https:\/\/plataformanoticias.mx\/index.php?rest_route=%2Fwp%2Fv2%2Ftags&post=141763"}],"curies":[{"name":"wp","href":"https:\/\/api.w.org\/{rel}","templated":true}]}}