{"id":144396,"date":"2026-08-30T20:13:33","date_gmt":"2026-08-31T03:13:33","guid":{"rendered":"https:\/\/plataformanoticias.mx\/?p=144396"},"modified":"2026-08-30T20:13:33","modified_gmt":"2026-08-31T03:13:33","slug":"la-comhiscu-conmemora-113-anos-de-la-batalla-de-topolobampo-y-buscan-proteger-las-historicas-trincheras-del-cerro-de-iturbe","status":"publish","type":"post","link":"https:\/\/plataformanoticias.mx\/?p=144396","title":{"rendered":"La Comhiscu conmemora 113 a\u00f1os de la Batalla de Topolobampo y buscan proteger las hist\u00f3ricas trincheras del Cerro de Iturbe"},"content":{"rendered":"<p>&nbsp;<\/p>\n<p>La presidenta de la COMHISCU, Blanca Maribel Valdez \u00c1lvarez, inform\u00f3 que la organizaci\u00f3n prepara una iniciativa que ser\u00e1 presentada ante el Cabildo de Ahome, con el objetivo de que el \u00e1rea donde se encuentran las trincheras sea delimitada y protegida, buscando que sean declaradas patrimonio hist\u00f3rico municipal<\/p>\n<p><img loading=\"lazy\" decoding=\"async\" class=\"alignnone size-medium wp-image-144398 aligncenter\" src=\"https:\/\/plataformanoticias.mx\/wp-content\/uploads\/2026\/08\/49dff0e1-d819-4187-806a-8fd836aaca9e-224x300.jpeg\" alt=\"\" width=\"224\" height=\"300\" srcset=\"https:\/\/plataformanoticias.mx\/wp-content\/uploads\/2026\/08\/49dff0e1-d819-4187-806a-8fd836aaca9e-224x300.jpeg 224w, https:\/\/plataformanoticias.mx\/wp-content\/uploads\/2026\/08\/49dff0e1-d819-4187-806a-8fd836aaca9e-766x1024.jpeg 766w, https:\/\/plataformanoticias.mx\/wp-content\/uploads\/2026\/08\/49dff0e1-d819-4187-806a-8fd836aaca9e-768x1027.jpeg 768w, https:\/\/plataformanoticias.mx\/wp-content\/uploads\/2026\/08\/49dff0e1-d819-4187-806a-8fd836aaca9e-1149x1536.jpeg 1149w, https:\/\/plataformanoticias.mx\/wp-content\/uploads\/2026\/08\/49dff0e1-d819-4187-806a-8fd836aaca9e-1532x2048.jpeg 1532w, https:\/\/plataformanoticias.mx\/wp-content\/uploads\/2026\/08\/49dff0e1-d819-4187-806a-8fd836aaca9e-scaled.jpeg 1915w\" sizes=\"auto, (max-width: 224px) 100vw, 224px\" \/><\/p>\n<p>Topolobampo, Ahome, Sinaloa, 30 de agosto de 2026.\u2014 Con un acto c\u00edvico, guardia de honor simb\u00f3lica y ofrenda floral, la Comisi\u00f3n de Historia y Cultura de Los Mochis (Comhiscu) A.C, y autoridades municipales, conmemoraron este d\u00eda el 113 aniversario de la Batalla de Topolobampo, acontecimiento considerado de gran relevancia para la historia regional y para el triunfo del movimiento constitucionalista durante la Revoluci\u00f3n Mexicana.<br \/>\nLa ceremonia se llev\u00f3 a cabo en el Centro Cultural del Puerto de Topolobampo \u201cProfesor Carlos Ram\u00f3n Cital Garc\u00eda\u201d, donde se record\u00f3 la batalla librada en agosto de 1913, cuando las fuerzas constitucionalistas comandadas por el general Ram\u00f3n F. Iturbe lograron derrotar a las tropas federales del gobierno de Victoriano Huerta.<br \/>\nDurante su mensaje, la presidenta de la Comisi\u00f3n de Historia y Cultura de Los Mochis (COMHISCU), Blanca Maribel Valdez \u00c1lvarez, destac\u00f3 que este episodio representa uno de los acontecimientos hist\u00f3ricos m\u00e1s importantes de Sinaloa, al constituir la primera gran derrota de las fuerzas huertistas en la entidad y contribuir al avance del constitucionalismo.<br \/>\nValdez \u00c1lvarez resalt\u00f3 tambi\u00e9n la participaci\u00f3n de los habitantes de Topolobampo, quienes no solamente tomaron las armas, sino que apoyaron a los revolucionarios como gu\u00edas y mediante el suministro de agua y alimentos, acciones que resultaron fundamentales para que las tropas constitucionalistas pudieran resistir durante los enfrentamientos.<\/p>\n<p>El pueblo de Topolobampo, pieza clave en la victoria<br \/>\nDe acuerdo con el relato hist\u00f3rico presentado durante la ceremonia, el enfrentamiento comenz\u00f3 el 28 de agosto de 1913, despu\u00e9s de que Ram\u00f3n F. Iturbe partiera desde San Blas rumbo a Topolobampo con alrededor de 300 hombres para hacer frente a las fuerzas federales, que contaban con una fuerza superior.<br \/>\nLos revolucionarios establecieron posiciones defensivas en el entonces denominado cerro de Bachomobampo, mientras los federales se encontraban apostados en puntos estrat\u00e9gicos como los cerros del Jabal\u00ed y Rodadero.<br \/>\nLa resistencia constitucionalista cont\u00f3 con el respaldo de habitantes del puerto. Entre ellos se mencion\u00f3 a Porfirio Espinoza y Saturnino Guerrero, quienes sirvieron como gu\u00edas aprovechando su conocimiento del terreno, as\u00ed como a otros ciudadanos que llevaron agua y alimentos a los combatientes, incluso exponi\u00e9ndose a la l\u00ednea de fuego.<br \/>\nFinalmente, la noche del 30 de agosto de 1913, los constitucionalistas lograron imponerse a las fuerzas federales, pese a encontrarse en desventaja num\u00e9rica y contar con menor armamento. Como testimonio de aquella batalla permanecen en la cima del cerro las antiguas trincheras de piedra utilizadas durante los combates.<\/p>\n<p>La COMHISCU propone declarar las trincheras patrimonio hist\u00f3rico<br \/>\nUno de los principales llamados realizados durante la conmemoraci\u00f3n fue la necesidad de proteger y preservar las trincheras hist\u00f3ricas del Cerro de Iturbe, vestigios materiales de la Batalla de Topolobampo.<br \/>\nLa presidenta de la COMHISCU, Blanca Maribel Valdez inform\u00f3 que la organizaci\u00f3n prepara una iniciativa que ser\u00e1 presentada ante el Cabildo de Ahome, con el objetivo de que el \u00e1rea donde se encuentran las trincheras sea delimitada y protegida, buscando que sean declaradas patrimonio hist\u00f3rico municipal.<br \/>\nLa propuesta cobra especial relevancia debido a que actualmente el Cerro de Iturbe es objeto de trabajos por parte de una compa\u00f1\u00eda de materiales. Aunque, seg\u00fan lo expresado durante el evento, existe el compromiso de que dichas labores no afectar\u00e1n las trincheras, la COMHISCU considera necesario establecer medidas formales que garanticen su conservaci\u00f3n.<br \/>\nAutoridades respaldan la iniciativa<br \/>\nDurante el evento, la regidora de la comisi\u00f3n de Cultura, Lidia Adela Reyes, se comprometi\u00f3 a llevar la propuesta de la COMHISCU ante las instancias correspondientes, mientras que el cronista vitalicio del municipio de Ahome, Jos\u00e9 Armando Infante Fierro, ofreci\u00f3 una retrospectiva sobre la Batalla de Topolobampo y record\u00f3 la labor del fallecido historiador y cronista Carlos Ram\u00f3n Cital Garc\u00eda, quien impuls\u00f3 el reconocimiento hist\u00f3rico del puerto.<br \/>\nTambi\u00e9n estuvieron presentes Nidia Arianna Carrera Ugalde, directora de Turismo en Ahome; el s\u00edndico de Topolobampo, Joel Ulises Pinz\u00f3n V\u00e1zquez; y representantes de otros organismos.<br \/>\nLa jornada concluy\u00f3 con una guardia simb\u00f3lica y colocaci\u00f3n de una ofrenda floral, como homenaje a los hombres y mujeres de Topolobampo y Ahome que participaron en aquel episodio de la Revoluci\u00f3n Mexicana.<br \/>\nM\u00e1s de un siglo despu\u00e9s, la COMHISCU busca que las trincheras del Cerro de Iturbe no solamente permanezcan como testimonio f\u00edsico de aquella batalla, sino que sean reconocidas y protegidas como parte del patrimonio hist\u00f3rico y de la identidad de Ahome.<\/p>\n","protected":false},"excerpt":{"rendered":"<p>&nbsp; La presidenta de la COMHISCU, Blanca Maribel Valdez \u00c1lvarez, inform\u00f3 que la organizaci\u00f3n prepara una iniciativa que ser\u00e1 presentada ante el Cabildo de Ahome, con el objetivo de que el \u00e1rea donde se encuentran las trincheras sea delimitada y protegida, buscando que sean declaradas patrimonio hist\u00f3rico municipal Topolobampo, Ahome, Sinaloa, 30 de agosto de<\/p>\n","protected":false},"author":6,"featured_media":144399,"comment_status":"closed","ping_status":"closed","sticky":false,"template":"","format":"standard","meta":{"footnotes":""},"categories":[38],"tags":[],"class_list":["post-144396","post","type-post","status-publish","format-standard","has-post-thumbnail","hentry","category-locales"],"_links":{"self":[{"href":"https:\/\/plataformanoticias.mx\/index.php?rest_route=\/wp\/v2\/posts\/144396","targetHints":{"allow":["GET"]}}],"collection":[{"href":"https:\/\/plataformanoticias.mx\/index.php?rest_route=\/wp\/v2\/posts"}],"about":[{"href":"https:\/\/plataformanoticias.mx\/index.php?rest_route=\/wp\/v2\/types\/post"}],"author":[{"embeddable":true,"href":"https:\/\/plataformanoticias.mx\/index.php?rest_route=\/wp\/v2\/users\/6"}],"replies":[{"embeddable":true,"href":"https:\/\/plataformanoticias.mx\/index.php?rest_route=%2Fwp%2Fv2%2Fcomments&post=144396"}],"version-history":[{"count":1,"href":"https:\/\/plataformanoticias.mx\/index.php?rest_route=\/wp\/v2\/posts\/144396\/revisions"}],"predecessor-version":[{"id":144400,"href":"https:\/\/plataformanoticias.mx\/index.php?rest_route=\/wp\/v2\/posts\/144396\/revisions\/144400"}],"wp:featuredmedia":[{"embeddable":true,"href":"https:\/\/plataformanoticias.mx\/index.php?rest_route=\/wp\/v2\/media\/144399"}],"wp:attachment":[{"href":"https:\/\/plataformanoticias.mx\/index.php?rest_route=%2Fwp%2Fv2%2Fmedia&parent=144396"}],"wp:term":[{"taxonomy":"category","embeddable":true,"href":"https:\/\/plataformanoticias.mx\/index.php?rest_route=%2Fwp%2Fv2%2Fcategories&post=144396"},{"taxonomy":"post_tag","embeddable":true,"href":"https:\/\/plataformanoticias.mx\/index.php?rest_route=%2Fwp%2Fv2%2Ftags&post=144396"}],"curies":[{"name":"wp","href":"https:\/\/api.w.org\/{rel}","templated":true}]}}