{"id":144401,"date":"2026-08-31T08:31:34","date_gmt":"2026-08-31T15:31:34","guid":{"rendered":"https:\/\/plataformanoticias.mx\/?p=144401"},"modified":"2026-08-31T08:38:34","modified_gmt":"2026-08-31T15:38:34","slug":"vuelven-a-las-aulas-mas-de-500-mil-alumnos-en-sinaloa-ciclo-escolar-arranca-hoy-31-de-agosto","status":"publish","type":"post","link":"https:\/\/plataformanoticias.mx\/?p=144401","title":{"rendered":"Vuelven a las aulas m\u00e1s de 500 mil alumnos en Sinaloa: ciclo escolar arranca hoy 31 de agosto"},"content":{"rendered":"<p>&nbsp;<\/p>\n<p><strong>Los Mochis, Sinaloa.-<\/strong> La Secretar\u00eda de Educaci\u00f3n P\u00fablica y Cultura (SEPyC) confirm\u00f3 que m\u00e1s de 500 mil estudiantes de Educaci\u00f3n B\u00e1sica en Sinaloa regresaron a clases hoy lunes 31 de agosto, con un calendario ajustado a las altas temperaturas del estado.<\/p>\n<p>El Calendario Escolar 2026-2027, ya publicado en el Peri\u00f3dico Oficial, contempla 185 d\u00edas efectivos de clases para escuelas p\u00fablicas y privadas y establece como fecha de cierre el 6 de julio de 2027, tres d\u00edas antes que el calendario nacional, para evitar exponer a alumnos y docentes al calor extremo de verano.<\/p>\n<p>Previo al arranque, del 24 al 28 de agosto los maestros participaron en la Fase Intensiva del Consejo T\u00e9cnico Escolar para preparar el inicio del ciclo.<\/p>\n<p>Entre los cambios principales, el nuevo calendario elimina los Talleres Intensivos para personal directivo y docente que se realizaban en enero y julio, y mantiene ocho sesiones ordinarias de Consejo T\u00e9cnico.<\/p>\n<p>En cuanto a recesos, las vacaciones de invierno ser\u00e1n del 21 de diciembre de 2026 al 6 de enero de 2027, y las de Semana Santa del 22 de marzo al 2 de abril de 2027, con regreso a clases el 5 de abril.<\/p>\n<p>El documento tambi\u00e9n marca el 7 de septiembre de 2026 como la Jornada de Concientizaci\u00f3n sobre la Gravedad del Abuso Sexual y el Maltrato Infantil en todos los planteles.<\/p>\n<p>Los d\u00edas oficiales de suspensi\u00f3n de clases ser\u00e1n el 16 de septiembre, 2 y 16 de noviembre de 2026, y el 1 de febrero, 15 de marzo y 5 de mayo de 2027.<\/p>\n<p>La SEPyC inform\u00f3 que tanto el calendario de Educaci\u00f3n B\u00e1sica como el de Escuelas Normales ya pueden consultarse en su portal oficial.<\/p>\n","protected":false},"excerpt":{"rendered":"<p>&nbsp; Los Mochis, Sinaloa.- La Secretar\u00eda de Educaci\u00f3n P\u00fablica y Cultura (SEPyC) confirm\u00f3 que m\u00e1s de 500 mil estudiantes de Educaci\u00f3n B\u00e1sica en Sinaloa regresaron a clases hoy lunes 31 de agosto, con un calendario ajustado a las altas temperaturas del estado. El Calendario Escolar 2026-2027, ya publicado en el Peri\u00f3dico Oficial, contempla 185 d\u00edas<\/p>\n","protected":false},"author":6,"featured_media":144414,"comment_status":"closed","ping_status":"closed","sticky":false,"template":"","format":"standard","meta":{"footnotes":""},"categories":[38],"tags":[],"class_list":["post-144401","post","type-post","status-publish","format-standard","has-post-thumbnail","hentry","category-locales"],"_links":{"self":[{"href":"https:\/\/plataformanoticias.mx\/index.php?rest_route=\/wp\/v2\/posts\/144401","targetHints":{"allow":["GET"]}}],"collection":[{"href":"https:\/\/plataformanoticias.mx\/index.php?rest_route=\/wp\/v2\/posts"}],"about":[{"href":"https:\/\/plataformanoticias.mx\/index.php?rest_route=\/wp\/v2\/types\/post"}],"author":[{"embeddable":true,"href":"https:\/\/plataformanoticias.mx\/index.php?rest_route=\/wp\/v2\/users\/6"}],"replies":[{"embeddable":true,"href":"https:\/\/plataformanoticias.mx\/index.php?rest_route=%2Fwp%2Fv2%2Fcomments&post=144401"}],"version-history":[{"count":1,"href":"https:\/\/plataformanoticias.mx\/index.php?rest_route=\/wp\/v2\/posts\/144401\/revisions"}],"predecessor-version":[{"id":144404,"href":"https:\/\/plataformanoticias.mx\/index.php?rest_route=\/wp\/v2\/posts\/144401\/revisions\/144404"}],"wp:featuredmedia":[{"embeddable":true,"href":"https:\/\/plataformanoticias.mx\/index.php?rest_route=\/wp\/v2\/media\/144414"}],"wp:attachment":[{"href":"https:\/\/plataformanoticias.mx\/index.php?rest_route=%2Fwp%2Fv2%2Fmedia&parent=144401"}],"wp:term":[{"taxonomy":"category","embeddable":true,"href":"https:\/\/plataformanoticias.mx\/index.php?rest_route=%2Fwp%2Fv2%2Fcategories&post=144401"},{"taxonomy":"post_tag","embeddable":true,"href":"https:\/\/plataformanoticias.mx\/index.php?rest_route=%2Fwp%2Fv2%2Ftags&post=144401"}],"curies":[{"name":"wp","href":"https:\/\/api.w.org\/{rel}","templated":true}]}}