{"id":144405,"date":"2026-08-31T08:33:37","date_gmt":"2026-08-31T15:33:37","guid":{"rendered":"https:\/\/plataformanoticias.mx\/?p=144405"},"modified":"2026-08-31T08:34:00","modified_gmt":"2026-08-31T15:34:00","slug":"sinaloa-sigue-siendo-violento-solo-dejo-de-contar-los-muertos","status":"publish","type":"post","link":"https:\/\/plataformanoticias.mx\/?p=144405","title":{"rendered":"Sinaloa sigue siendo violento, solo dej\u00f3 de contar los muertos"},"content":{"rendered":"<p>&nbsp;<\/p>\n<p>La Fiscal\u00eda General del Estado de Sinaloa encontr\u00f3 la soluci\u00f3n definitiva para la crisis de seguridad: si no informas sobre los homicidios, los homicidios no existen.<\/p>\n<p>El domingo 30 de agosto, en un comunicado discreto dirigido a medios, la instituci\u00f3n que encabeza Claudia Zulema S\u00e1nchez Kondo anunci\u00f3 que a partir del 1 de septiembre dejar\u00e1 de emitir su informe diario de incidencia delictiva.<\/p>\n<p>La justificaci\u00f3n es una joya de la burocracia: ahora se &#8220;apegar\u00e1 a los criterios establecidos por el Gabinete de Seguridad Federal&#8221; y toda la informaci\u00f3n deber\u00e1 consultarse en la plataforma oficial del Gobierno de M\u00e9xico.<\/p>\n<p>Es decir, centralizar el silencio.<\/p>\n<p>El reporte que hoy matan naci\u00f3 en septiembre de 2024, cuando inici\u00f3 la guerra interna del C\u00e1rtel de Sinaloa tras la captura de Ismael &#8220;El Mayo&#8221; Zambada. Durante dos a\u00f1os fue la \u00fanica br\u00fajula que ten\u00edan periodistas, familias y ciudadanos para saber qu\u00e9 estaba pasando: primero con cortes cada 12 horas, luego cada 24.<\/p>\n<p>Era imperfecto, s\u00ed. Tan imperfecto que el pasado 27 de agosto un medio de comunicaci\u00f3n document\u00f3 133 muertes violentas que ocurrieron, que todos vimos en videos, que llegaron a hospitales, pero que nunca aparecieron en la estad\u00edstica oficial. La fiscal respondi\u00f3 que eran &#8220;informes preliminares&#8221; y que no hab\u00eda &#8220;manoseo&#8221; de cifras.<\/p>\n<p>Tres d\u00edas despu\u00e9s, en lugar de transparentar c\u00f3mo clasifican un homicidio, decidieron que lo mejor es ya no publicar nada.<\/p>\n<p>No es un hecho aislado. Primero fue la Vocer\u00eda de Seguridad del Gobierno de Sinaloa. Transmit\u00eda de martes a viernes, luego solo mi\u00e9rcoles y viernes, luego la apagaron. Ahora el reporte diario de la Fiscal\u00eda. Paso a paso, el estado con la percepci\u00f3n de inseguridad m\u00e1s alta de M\u00e9xico, seg\u00fan el INEGI, se est\u00e1 quedando sin voceros locales.<\/p>\n<p>La estrategia es impecable: si no hay vocer\u00eda, no hay preguntas. Si no hay reporte diario, no hay 10 homicidios diarios que explicar. Solo hay una plataforma federal que publica lo que quiere, cuando quiere y como quiere.<\/p>\n<p>Bienvenidos a la nueva pol\u00edtica de seguridad de Sinaloa: no se trata de que maten menos, se trata de que te enteres menos.<\/p>\n","protected":false},"excerpt":{"rendered":"<p>&nbsp; La Fiscal\u00eda General del Estado de Sinaloa encontr\u00f3 la soluci\u00f3n definitiva para la crisis de seguridad: si no informas sobre los homicidios, los homicidios no existen. El domingo 30 de agosto, en un comunicado discreto dirigido a medios, la instituci\u00f3n que encabeza Claudia Zulema S\u00e1nchez Kondo anunci\u00f3 que a partir del 1 de septiembre<\/p>\n","protected":false},"author":6,"featured_media":144408,"comment_status":"closed","ping_status":"closed","sticky":false,"template":"","format":"standard","meta":{"footnotes":""},"categories":[28],"tags":[],"class_list":["post-144405","post","type-post","status-publish","format-standard","has-post-thumbnail","hentry","category-centro"],"_links":{"self":[{"href":"https:\/\/plataformanoticias.mx\/index.php?rest_route=\/wp\/v2\/posts\/144405","targetHints":{"allow":["GET"]}}],"collection":[{"href":"https:\/\/plataformanoticias.mx\/index.php?rest_route=\/wp\/v2\/posts"}],"about":[{"href":"https:\/\/plataformanoticias.mx\/index.php?rest_route=\/wp\/v2\/types\/post"}],"author":[{"embeddable":true,"href":"https:\/\/plataformanoticias.mx\/index.php?rest_route=\/wp\/v2\/users\/6"}],"replies":[{"embeddable":true,"href":"https:\/\/plataformanoticias.mx\/index.php?rest_route=%2Fwp%2Fv2%2Fcomments&post=144405"}],"version-history":[{"count":1,"href":"https:\/\/plataformanoticias.mx\/index.php?rest_route=\/wp\/v2\/posts\/144405\/revisions"}],"predecessor-version":[{"id":144409,"href":"https:\/\/plataformanoticias.mx\/index.php?rest_route=\/wp\/v2\/posts\/144405\/revisions\/144409"}],"wp:featuredmedia":[{"embeddable":true,"href":"https:\/\/plataformanoticias.mx\/index.php?rest_route=\/wp\/v2\/media\/144408"}],"wp:attachment":[{"href":"https:\/\/plataformanoticias.mx\/index.php?rest_route=%2Fwp%2Fv2%2Fmedia&parent=144405"}],"wp:term":[{"taxonomy":"category","embeddable":true,"href":"https:\/\/plataformanoticias.mx\/index.php?rest_route=%2Fwp%2Fv2%2Fcategories&post=144405"},{"taxonomy":"post_tag","embeddable":true,"href":"https:\/\/plataformanoticias.mx\/index.php?rest_route=%2Fwp%2Fv2%2Ftags&post=144405"}],"curies":[{"name":"wp","href":"https:\/\/api.w.org\/{rel}","templated":true}]}}