{"id":144410,"date":"2026-08-31T08:35:13","date_gmt":"2026-08-31T15:35:13","guid":{"rendered":"https:\/\/plataformanoticias.mx\/?p=144410"},"modified":"2026-08-31T08:35:13","modified_gmt":"2026-08-31T15:35:13","slug":"el-gobierno-mas-transparente-del-mundo-esconde-el-caso-cuen-hasta-2031","status":"publish","type":"post","link":"https:\/\/plataformanoticias.mx\/?p=144410","title":{"rendered":"El gobierno m\u00e1s transparente del mundo esconde el caso Cu\u00e9n hasta 2031"},"content":{"rendered":"<p>&nbsp;<\/p>\n<p>La Fiscal\u00eda General de la Rep\u00fablica que presume ser la m\u00e1s transparente del mundo acaba de hacer lo contrario: poner bajo llave hasta 2031 el expediente m\u00e1s inc\u00f3modo de Sinaloa.<\/p>\n<p>Por acuerdo del 27 de mayo de 2026, la FGR reserv\u00f3 por cinco a\u00f1os toda la informaci\u00f3n de la carpeta de investigaci\u00f3n por el asesinato de *H\u00e9ctor Melesio Cu\u00e9n Ojeda*, ex rector de la UAS y l\u00edder del PAS, asesinado el 25 de julio de 2024.<\/p>\n<p>La raz\u00f3n oficial, en el oficio FGR\/UETAG\/002896\/2026: divulgar los datos ser\u00eda un &#8220;riesgo real&#8221; para la seguridad nacional y el inter\u00e9s p\u00fablico.<\/p>\n<p>Es decir, M\u00e9xico no puede saber qu\u00e9 pas\u00f3 con Cu\u00e9n porque saberlo pondr\u00eda en riesgo al pa\u00eds.<\/p>\n<p>El caso no es cualquier homicidio. Es el eslab\u00f3n que une dos versiones oficiales que chocan:<\/p>\n<p>*Versi\u00f3n Sinaloa:* Cu\u00e9n muri\u00f3 por un asalto en una gasolinera de Culiac\u00e1n.<\/p>\n<p>*Versi\u00f3n FGR:* Esa historia es falsa. Peritos federales hallaron sangre de Cu\u00e9n en la finca *Huertos del Pedregal*, la misma donde Ismael &#8220;El Mayo&#8221; Zambada dice que fue secuestrado para ser llevado a Estados Unidos.<\/p>\n<p>Zambada asegur\u00f3 por carta que ese d\u00eda, en esa finca, hab\u00eda una reuni\u00f3n donde tambi\u00e9n estar\u00eda el gobernador Rub\u00e9n Rocha Moya. Es su versi\u00f3n, no una prueba judicial, y la FGR ha dicho que el caso Cu\u00e9n no tiene vinculaci\u00f3n formal con la acusaci\u00f3n de Nueva York contra Rocha por presuntos nexos con el narcotr\u00e1fico.<\/p>\n<p>Pero los hechos son tercos: el cuerpo de Cu\u00e9n fue cremado 24 horas despu\u00e9s. No hay un solo detenido por el asesinato. El \u00fanico vinculado a proceso hasta ahora es Fausto Corrales, su chofer, por inventar lo del asalto.<\/p>\n<p>Y ahora, la FGR decide que durante cinco a\u00f1os nadie podr\u00e1 consultar qu\u00e9 investigaron, a qui\u00e9n citaron de la Fiscal\u00eda de Sinaloa y por qu\u00e9.<\/p>\n<p>Reservar el expediente no protege la investigaci\u00f3n. Protege la duda.<\/p>\n<p>Y en un pa\u00eds donde nos dicen que todo es transparente, reservar la verdad del caso Cu\u00e9n hasta 2031 es la confesi\u00f3n m\u00e1s clara de que hay verdades que el poder no quiere que sepamos.<\/p>\n","protected":false},"excerpt":{"rendered":"<p>&nbsp; La Fiscal\u00eda General de la Rep\u00fablica que presume ser la m\u00e1s transparente del mundo acaba de hacer lo contrario: poner bajo llave hasta 2031 el expediente m\u00e1s inc\u00f3modo de Sinaloa. Por acuerdo del 27 de mayo de 2026, la FGR reserv\u00f3 por cinco a\u00f1os toda la informaci\u00f3n de la carpeta de investigaci\u00f3n por el<\/p>\n","protected":false},"author":6,"featured_media":144412,"comment_status":"closed","ping_status":"closed","sticky":false,"template":"","format":"standard","meta":{"footnotes":""},"categories":[28],"tags":[],"class_list":["post-144410","post","type-post","status-publish","format-standard","has-post-thumbnail","hentry","category-centro"],"_links":{"self":[{"href":"https:\/\/plataformanoticias.mx\/index.php?rest_route=\/wp\/v2\/posts\/144410","targetHints":{"allow":["GET"]}}],"collection":[{"href":"https:\/\/plataformanoticias.mx\/index.php?rest_route=\/wp\/v2\/posts"}],"about":[{"href":"https:\/\/plataformanoticias.mx\/index.php?rest_route=\/wp\/v2\/types\/post"}],"author":[{"embeddable":true,"href":"https:\/\/plataformanoticias.mx\/index.php?rest_route=\/wp\/v2\/users\/6"}],"replies":[{"embeddable":true,"href":"https:\/\/plataformanoticias.mx\/index.php?rest_route=%2Fwp%2Fv2%2Fcomments&post=144410"}],"version-history":[{"count":1,"href":"https:\/\/plataformanoticias.mx\/index.php?rest_route=\/wp\/v2\/posts\/144410\/revisions"}],"predecessor-version":[{"id":144413,"href":"https:\/\/plataformanoticias.mx\/index.php?rest_route=\/wp\/v2\/posts\/144410\/revisions\/144413"}],"wp:featuredmedia":[{"embeddable":true,"href":"https:\/\/plataformanoticias.mx\/index.php?rest_route=\/wp\/v2\/media\/144412"}],"wp:attachment":[{"href":"https:\/\/plataformanoticias.mx\/index.php?rest_route=%2Fwp%2Fv2%2Fmedia&parent=144410"}],"wp:term":[{"taxonomy":"category","embeddable":true,"href":"https:\/\/plataformanoticias.mx\/index.php?rest_route=%2Fwp%2Fv2%2Fcategories&post=144410"},{"taxonomy":"post_tag","embeddable":true,"href":"https:\/\/plataformanoticias.mx\/index.php?rest_route=%2Fwp%2Fv2%2Ftags&post=144410"}],"curies":[{"name":"wp","href":"https:\/\/api.w.org\/{rel}","templated":true}]}}