{"id":144419,"date":"2026-08-31T10:09:50","date_gmt":"2026-08-31T17:09:50","guid":{"rendered":"https:\/\/plataformanoticias.mx\/?p=144419"},"modified":"2026-08-31T10:09:50","modified_gmt":"2026-08-31T17:09:50","slug":"pasa-revista-marcos-osuna-a-200-unidades-repotenciadas-en-culiacan","status":"publish","type":"post","link":"https:\/\/plataformanoticias.mx\/?p=144419","title":{"rendered":"Pasa revista Marcos Osuna a 200 unidades repotenciadas en Culiac\u00e1n"},"content":{"rendered":"<p>&nbsp;<\/p>\n<p>\u2022 Se fortalece el servicio p\u00fablico urbano en la ciudad<\/p>\n<p><img loading=\"lazy\" decoding=\"async\" class=\"alignnone size-medium wp-image-144423 aligncenter\" src=\"https:\/\/plataformanoticias.mx\/wp-content\/uploads\/2026\/08\/7919e33e-1029-461b-b085-4b69d31a1aef-300x225.jpeg\" alt=\"\" width=\"300\" height=\"225\" srcset=\"https:\/\/plataformanoticias.mx\/wp-content\/uploads\/2026\/08\/7919e33e-1029-461b-b085-4b69d31a1aef-300x225.jpeg 300w, https:\/\/plataformanoticias.mx\/wp-content\/uploads\/2026\/08\/7919e33e-1029-461b-b085-4b69d31a1aef-1024x768.jpeg 1024w, https:\/\/plataformanoticias.mx\/wp-content\/uploads\/2026\/08\/7919e33e-1029-461b-b085-4b69d31a1aef-768x576.jpeg 768w, https:\/\/plataformanoticias.mx\/wp-content\/uploads\/2026\/08\/7919e33e-1029-461b-b085-4b69d31a1aef.jpeg 1280w\" sizes=\"auto, (max-width: 300px) 100vw, 300px\" \/><\/p>\n<p>Acompa\u00f1ado por cientos de conductores del transporte urbano, permisionarios, dirigentes gremiales de este sector y funcionarios de la Direcci\u00f3n de Vialidad y Transportes, Marco Antonio Osuna Moreno pas\u00f3 revista ayer domingo a 200 autobuses reci\u00e9n repotenciados, los cuales que se incorporar\u00e1n ma\u00f1ana para fortalecer este servicio este d\u00eda en que inicia el nuevo ciclo escolar 2026 2027.<\/p>\n<p>El director de la dependencia reconoci\u00f3 la colaboraci\u00f3n del sector transporte de Culiac\u00e1n para cumplir el esfuerzo de mejorar sustancialmente las condiciones mec\u00e1nicas y f\u00edsicas de las unidades que prestan este servicio en la ciudad.<\/p>\n<p><img loading=\"lazy\" decoding=\"async\" class=\"alignnone size-medium wp-image-144422 aligncenter\" src=\"https:\/\/plataformanoticias.mx\/wp-content\/uploads\/2026\/08\/90ea738d-43c0-48c4-a595-c459387daf78-300x225.jpeg\" alt=\"\" width=\"300\" height=\"225\" srcset=\"https:\/\/plataformanoticias.mx\/wp-content\/uploads\/2026\/08\/90ea738d-43c0-48c4-a595-c459387daf78-300x225.jpeg 300w, https:\/\/plataformanoticias.mx\/wp-content\/uploads\/2026\/08\/90ea738d-43c0-48c4-a595-c459387daf78-1024x768.jpeg 1024w, https:\/\/plataformanoticias.mx\/wp-content\/uploads\/2026\/08\/90ea738d-43c0-48c4-a595-c459387daf78-768x576.jpeg 768w, https:\/\/plataformanoticias.mx\/wp-content\/uploads\/2026\/08\/90ea738d-43c0-48c4-a595-c459387daf78.jpeg 1280w\" sizes=\"auto, (max-width: 300px) 100vw, 300px\" \/><\/p>\n<p>El evento se desarroll\u00f3 en explanada d en la Feria Ganadera de esta ciudad.<\/p>\n<p>Record\u00f3 que, recientemente, al autorizar el gobierno del Estado de Sinaloa un ajuste de la tarifa de este servicio, los permisionarios se comprometieron formalmente a hacer un esfuerzo de inversi\u00f3n mediante reparaciones al tren motriz, las carrocer\u00edas, los interiores y en equipamiento de tecnolog\u00eda para la gesti\u00f3n de transporte.<\/p>\n<p>La primera etapa concluy\u00f3 aprovechando las vacaciones escolares, periodo en el que se lograron reconstruir 200 autobuses.<\/p>\n<p>Ante los presentes, Osuna Moreno dijo que habr\u00e1 etapas subsiguientes para continuar la reparaci\u00f3n de unidades con el fin de llegar a 600 en un futuro pr\u00f3ximo.<\/p>\n<p><img loading=\"lazy\" decoding=\"async\" class=\"alignnone size-medium wp-image-144424 aligncenter\" src=\"https:\/\/plataformanoticias.mx\/wp-content\/uploads\/2026\/08\/ebd60683-8efd-4a31-ad61-47e7fc9a7457-225x300.jpeg\" alt=\"\" width=\"225\" height=\"300\" srcset=\"https:\/\/plataformanoticias.mx\/wp-content\/uploads\/2026\/08\/ebd60683-8efd-4a31-ad61-47e7fc9a7457-225x300.jpeg 225w, https:\/\/plataformanoticias.mx\/wp-content\/uploads\/2026\/08\/ebd60683-8efd-4a31-ad61-47e7fc9a7457-768x1024.jpeg 768w, https:\/\/plataformanoticias.mx\/wp-content\/uploads\/2026\/08\/ebd60683-8efd-4a31-ad61-47e7fc9a7457.jpeg 960w\" sizes=\"auto, (max-width: 225px) 100vw, 225px\" \/><\/p>\n<p>Satisfecho, explic\u00f3 que los logros obedecen al esfuerzo conjunto que ejecutan ahora los mismos conductores, los permisionarios, las alianzas que los representa y el mismo gobierno del Estado a trav\u00e9s de la dependencia que encabeza.<\/p>\n<p>Las unidades reincorporadas al servicio cuentan tambi\u00e9n con video c\u00e1maras en el interior, GPS bot\u00f3n de p\u00e1nico y otros accesorios que las hacen m\u00e1s seguras y confiables para los usuarios de la ciudad.<\/p>\n","protected":false},"excerpt":{"rendered":"<p>&nbsp; \u2022 Se fortalece el servicio p\u00fablico urbano en la ciudad Acompa\u00f1ado por cientos de conductores del transporte urbano, permisionarios, dirigentes gremiales de este sector y funcionarios de la Direcci\u00f3n de Vialidad y Transportes, Marco Antonio Osuna Moreno pas\u00f3 revista ayer domingo a 200 autobuses reci\u00e9n repotenciados, los cuales que se incorporar\u00e1n ma\u00f1ana para fortalecer<\/p>\n","protected":false},"author":6,"featured_media":144421,"comment_status":"closed","ping_status":"closed","sticky":false,"template":"","format":"standard","meta":{"footnotes":""},"categories":[28],"tags":[],"class_list":["post-144419","post","type-post","status-publish","format-standard","has-post-thumbnail","hentry","category-centro"],"_links":{"self":[{"href":"https:\/\/plataformanoticias.mx\/index.php?rest_route=\/wp\/v2\/posts\/144419","targetHints":{"allow":["GET"]}}],"collection":[{"href":"https:\/\/plataformanoticias.mx\/index.php?rest_route=\/wp\/v2\/posts"}],"about":[{"href":"https:\/\/plataformanoticias.mx\/index.php?rest_route=\/wp\/v2\/types\/post"}],"author":[{"embeddable":true,"href":"https:\/\/plataformanoticias.mx\/index.php?rest_route=\/wp\/v2\/users\/6"}],"replies":[{"embeddable":true,"href":"https:\/\/plataformanoticias.mx\/index.php?rest_route=%2Fwp%2Fv2%2Fcomments&post=144419"}],"version-history":[{"count":1,"href":"https:\/\/plataformanoticias.mx\/index.php?rest_route=\/wp\/v2\/posts\/144419\/revisions"}],"predecessor-version":[{"id":144425,"href":"https:\/\/plataformanoticias.mx\/index.php?rest_route=\/wp\/v2\/posts\/144419\/revisions\/144425"}],"wp:featuredmedia":[{"embeddable":true,"href":"https:\/\/plataformanoticias.mx\/index.php?rest_route=\/wp\/v2\/media\/144421"}],"wp:attachment":[{"href":"https:\/\/plataformanoticias.mx\/index.php?rest_route=%2Fwp%2Fv2%2Fmedia&parent=144419"}],"wp:term":[{"taxonomy":"category","embeddable":true,"href":"https:\/\/plataformanoticias.mx\/index.php?rest_route=%2Fwp%2Fv2%2Fcategories&post=144419"},{"taxonomy":"post_tag","embeddable":true,"href":"https:\/\/plataformanoticias.mx\/index.php?rest_route=%2Fwp%2Fv2%2Ftags&post=144419"}],"curies":[{"name":"wp","href":"https:\/\/api.w.org\/{rel}","templated":true}]}}