{"id":144426,"date":"2026-08-31T10:44:52","date_gmt":"2026-08-31T17:44:52","guid":{"rendered":"https:\/\/plataformanoticias.mx\/?p=144426"},"modified":"2026-08-31T10:44:52","modified_gmt":"2026-08-31T17:44:52","slug":"obras-publicas-mantiene-bacheo-diario-en-ahome","status":"publish","type":"post","link":"https:\/\/plataformanoticias.mx\/?p=144426","title":{"rendered":"Obras P\u00fablicas mantiene bacheo diario en Ahome"},"content":{"rendered":"<p>&nbsp;<\/p>\n<p>*Jes\u00fas Ernesto Tapia Castro, Director de Obras P\u00fablicas, explic\u00f3 que las lluvias han generado nuevos da\u00f1os en las vialidades, por lo que el municipio utiliza carpeta asf\u00e1ltica para atender el mayor n\u00famero posible de puntos y proyecta soluciones con concreto hidr\u00e1ulico en zonas prioritarias\u2026<\/p>\n<p><img loading=\"lazy\" decoding=\"async\" class=\"alignnone size-medium wp-image-144428 aligncenter\" src=\"https:\/\/plataformanoticias.mx\/wp-content\/uploads\/2026\/08\/346d80f4-651d-443a-865a-c4ff5504353e-225x300.jpeg\" alt=\"\" width=\"225\" height=\"300\" srcset=\"https:\/\/plataformanoticias.mx\/wp-content\/uploads\/2026\/08\/346d80f4-651d-443a-865a-c4ff5504353e-225x300.jpeg 225w, https:\/\/plataformanoticias.mx\/wp-content\/uploads\/2026\/08\/346d80f4-651d-443a-865a-c4ff5504353e-768x1024.jpeg 768w, https:\/\/plataformanoticias.mx\/wp-content\/uploads\/2026\/08\/346d80f4-651d-443a-865a-c4ff5504353e-1152x1536.jpeg 1152w, https:\/\/plataformanoticias.mx\/wp-content\/uploads\/2026\/08\/346d80f4-651d-443a-865a-c4ff5504353e.jpeg 1200w\" sizes=\"auto, (max-width: 225px) 100vw, 225px\" \/><\/p>\n<p><strong>Los Mochis, Ahome, Sinaloa.-<\/strong> La Direcci\u00f3n de Obras P\u00fablicas del Ayuntamiento de Ahome mantiene trabajos diarios de bacheo tanto en la zona urbana como en comunidades rurales, con el objetivo de atender las afectaciones que se han presentado principalmente a consecuencia de las lluvias.<\/p>\n<p>Jes\u00fas Ernesto Tapia Castro, Director de Obras P\u00fablicas en Ahome, explic\u00f3 que, por indicaciones del Presidente Municipal Antonio Men\u00e9ndez de Llano Berm\u00fadez, las cuadrillas realizan estas labores de manera permanente para mantener en mejores condiciones las vialidades y atender los reportes ciudadanos.<\/p>\n<p>\u201cEstamos haciendo bacheo diario. Son trabajos que tenemos que hacer todos los d\u00edas\u201d, se\u00f1al\u00f3.<\/p>\n<p>El funcionario precis\u00f3 que el material utilizado actualmente es carpeta asf\u00e1ltica y aclar\u00f3 que, aunque su duraci\u00f3n es menor en comparaci\u00f3n con el concreto hidr\u00e1ulico, permite atender una mayor cantidad de baches y mantener las calles en condiciones adecuadas para la circulaci\u00f3n.<\/p>\n<p>Indic\u00f3 que el concreto hidr\u00e1ulico representa un costo considerablemente mayor, por lo que los recursos disponibles deben administrarse de manera que permitan cubrir la mayor cantidad posible de puntos afectados en el municipio.<\/p>\n<p>Tapia Castro explic\u00f3 que gran parte de los baches que aparecen durante esta temporada est\u00e1n relacionados con la acumulaci\u00f3n de agua en las vialidades, as\u00ed como con el tr\u00e1nsito constante de veh\u00edculos.<\/p>\n<p>\u201cHay que dejar bien claro que son resultado de las lluvias. Cada a\u00f1o es lo mismo porque el agua se queda estancada un tiempo y, junto con el tr\u00e1fico, termina provocando estos da\u00f1os\u201d, expres\u00f3.<\/p>\n<p>Agreg\u00f3 que el municipio trabaja tambi\u00e9n para facilitar un mejor escurrimiento del agua y reducir el tiempo que permanece acumulada sobre las calles, ya que la humedad constante acelera el deterioro de los pavimentos.<\/p>\n<p>El Director de Obras P\u00fablicas destac\u00f3 que las acciones no se concentran \u00fanicamente en Los Mochis, sino que tambi\u00e9n se desarrollan trabajos similares en la zona rural del municipio, donde se presentan afectaciones por las mismas condiciones climatol\u00f3gicas.<\/p>\n<p>Asimismo, aclar\u00f3 que el bacheo con carpeta asf\u00e1ltica no debe considerarse \u00fanicamente como una soluci\u00f3n moment\u00e1nea, ya que se busca que las reparaciones tengan una duraci\u00f3n suficiente para cubrir la temporada de lluvias y el resto del a\u00f1o.<\/p>\n<p>Se\u00f1al\u00f3 que uno de los principales objetivos es evitar riesgos para los automovilistas, como da\u00f1os en neum\u00e1ticos y veh\u00edculos, adem\u00e1s de mantener condiciones seguras de circulaci\u00f3n.<\/p>\n<p>Tapia Castro adelant\u00f3 que para el pr\u00f3ximo a\u00f1o se contempla intervenir algunos de los puntos que actualmente reciben carpeta asf\u00e1ltica con trabajos de concreto hidr\u00e1ulico, lo que permitir\u00eda ofrecer una soluci\u00f3n de mayor duraci\u00f3n en las zonas que presentan afectaciones recurrentes.<\/p>\n","protected":false},"excerpt":{"rendered":"<p>&nbsp; *Jes\u00fas Ernesto Tapia Castro, Director de Obras P\u00fablicas, explic\u00f3 que las lluvias han generado nuevos da\u00f1os en las vialidades, por lo que el municipio utiliza carpeta asf\u00e1ltica para atender el mayor n\u00famero posible de puntos y proyecta soluciones con concreto hidr\u00e1ulico en zonas prioritarias\u2026 Los Mochis, Ahome, Sinaloa.- La Direcci\u00f3n de Obras P\u00fablicas del<\/p>\n","protected":false},"author":6,"featured_media":144429,"comment_status":"closed","ping_status":"closed","sticky":false,"template":"","format":"standard","meta":{"footnotes":""},"categories":[38],"tags":[],"class_list":["post-144426","post","type-post","status-publish","format-standard","has-post-thumbnail","hentry","category-locales"],"_links":{"self":[{"href":"https:\/\/plataformanoticias.mx\/index.php?rest_route=\/wp\/v2\/posts\/144426","targetHints":{"allow":["GET"]}}],"collection":[{"href":"https:\/\/plataformanoticias.mx\/index.php?rest_route=\/wp\/v2\/posts"}],"about":[{"href":"https:\/\/plataformanoticias.mx\/index.php?rest_route=\/wp\/v2\/types\/post"}],"author":[{"embeddable":true,"href":"https:\/\/plataformanoticias.mx\/index.php?rest_route=\/wp\/v2\/users\/6"}],"replies":[{"embeddable":true,"href":"https:\/\/plataformanoticias.mx\/index.php?rest_route=%2Fwp%2Fv2%2Fcomments&post=144426"}],"version-history":[{"count":1,"href":"https:\/\/plataformanoticias.mx\/index.php?rest_route=\/wp\/v2\/posts\/144426\/revisions"}],"predecessor-version":[{"id":144430,"href":"https:\/\/plataformanoticias.mx\/index.php?rest_route=\/wp\/v2\/posts\/144426\/revisions\/144430"}],"wp:featuredmedia":[{"embeddable":true,"href":"https:\/\/plataformanoticias.mx\/index.php?rest_route=\/wp\/v2\/media\/144429"}],"wp:attachment":[{"href":"https:\/\/plataformanoticias.mx\/index.php?rest_route=%2Fwp%2Fv2%2Fmedia&parent=144426"}],"wp:term":[{"taxonomy":"category","embeddable":true,"href":"https:\/\/plataformanoticias.mx\/index.php?rest_route=%2Fwp%2Fv2%2Fcategories&post=144426"},{"taxonomy":"post_tag","embeddable":true,"href":"https:\/\/plataformanoticias.mx\/index.php?rest_route=%2Fwp%2Fv2%2Ftags&post=144426"}],"curies":[{"name":"wp","href":"https:\/\/api.w.org\/{rel}","templated":true}]}}