{"id":144441,"date":"2026-08-31T15:05:44","date_gmt":"2026-08-31T22:05:44","guid":{"rendered":"https:\/\/plataformanoticias.mx\/?p=144441"},"modified":"2026-08-31T15:05:44","modified_gmt":"2026-08-31T22:05:44","slug":"messi-dice-adios-a-la-seleccion-argentina-duele-en-el-alma-pero-es-el-momento","status":"publish","type":"post","link":"https:\/\/plataformanoticias.mx\/?p=144441","title":{"rendered":"Messi dice adi\u00f3s a la Selecci\u00f3n Argentina: \u201cDuele en el alma, pero es el momento\u201d"},"content":{"rendered":"<p><img loading=\"lazy\" decoding=\"async\" class=\"alignnone size-medium wp-image-144444\" src=\"https:\/\/plataformanoticias.mx\/wp-content\/uploads\/2026\/08\/fa83fb7c-670b-4584-8461-6ab7fcc22895-300x294.jpeg\" alt=\"\" width=\"300\" height=\"294\" srcset=\"https:\/\/plataformanoticias.mx\/wp-content\/uploads\/2026\/08\/fa83fb7c-670b-4584-8461-6ab7fcc22895-300x294.jpeg 300w, https:\/\/plataformanoticias.mx\/wp-content\/uploads\/2026\/08\/fa83fb7c-670b-4584-8461-6ab7fcc22895-1024x1004.jpeg 1024w, https:\/\/plataformanoticias.mx\/wp-content\/uploads\/2026\/08\/fa83fb7c-670b-4584-8461-6ab7fcc22895-768x753.jpeg 768w, https:\/\/plataformanoticias.mx\/wp-content\/uploads\/2026\/08\/fa83fb7c-670b-4584-8461-6ab7fcc22895.jpeg 1206w\" sizes=\"auto, (max-width: 300px) 100vw, 300px\" \/><\/p>\n<p>31 de agosto de 2026. Lionel Messi anunci\u00f3 hoy su retiro de la Selecci\u00f3n Argentina a trav\u00e9s de una emotiva carta publicada en sus redes sociales. El capit\u00e1n argentino puso fin a una etapa de m\u00e1s de 20 a\u00f1os representando a su pa\u00eds.<\/p>\n<p>En su mensaje, Messi explic\u00f3 que la decisi\u00f3n no fue sencilla y que \u201cduele en el alma\u201d, pero considera que lleg\u00f3 el momento de cerrar su ciclo con la Albiceleste. Tambi\u00e9n record\u00f3 los momentos dif\u00edciles que vivi\u00f3 antes de conseguir los principales t\u00edtulos con Argentina.<\/p>\n<p>El delantero se despide despu\u00e9s de conquistar la Copa Am\u00e9rica 2021, la Finalissima 2022, el Mundial de Qatar 2022 y la Copa Am\u00e9rica 2024. Durante su trayectoria se convirti\u00f3 en el m\u00e1ximo goleador y jugador con m\u00e1s partidos disputados en la historia de la selecci\u00f3n.<\/p>\n<p>La noticia gener\u00f3 numerosas reacciones entre aficionados, compa\u00f1eros y figuras del f\u00fatbol, quienes destacaron su legado y agradecieron todo lo que hizo por Argentina. Su familia tambi\u00e9n expres\u00f3 su apoyo a la decisi\u00f3n del hist\u00f3rico jugador.<\/p>\n<p>Con su retiro, Messi cierra uno de los cap\u00edtulos m\u00e1s importantes de su carrera. El n\u00famero 10 deja la Selecci\u00f3n Argentina como una de sus mayores leyendas y como protagonista de una de las \u00e9pocas m\u00e1s exitosas del f\u00fatbol argentino.<\/p>\n<p>Fuentes: TyC Sports, El Pa\u00eds y LA NACI\u00d3N.<\/p>\n","protected":false},"excerpt":{"rendered":"<p>31 de agosto de 2026. Lionel Messi anunci\u00f3 hoy su retiro de la Selecci\u00f3n Argentina a trav\u00e9s de una emotiva carta publicada en sus redes sociales. El capit\u00e1n argentino puso fin a una etapa de m\u00e1s de 20 a\u00f1os representando a su pa\u00eds. En su mensaje, Messi explic\u00f3 que la decisi\u00f3n no fue sencilla y<\/p>\n","protected":false},"author":6,"featured_media":144443,"comment_status":"closed","ping_status":"closed","sticky":false,"template":"","format":"standard","meta":{"footnotes":""},"categories":[32],"tags":[],"class_list":["post-144441","post","type-post","status-publish","format-standard","has-post-thumbnail","hentry","category-deportes"],"_links":{"self":[{"href":"https:\/\/plataformanoticias.mx\/index.php?rest_route=\/wp\/v2\/posts\/144441","targetHints":{"allow":["GET"]}}],"collection":[{"href":"https:\/\/plataformanoticias.mx\/index.php?rest_route=\/wp\/v2\/posts"}],"about":[{"href":"https:\/\/plataformanoticias.mx\/index.php?rest_route=\/wp\/v2\/types\/post"}],"author":[{"embeddable":true,"href":"https:\/\/plataformanoticias.mx\/index.php?rest_route=\/wp\/v2\/users\/6"}],"replies":[{"embeddable":true,"href":"https:\/\/plataformanoticias.mx\/index.php?rest_route=%2Fwp%2Fv2%2Fcomments&post=144441"}],"version-history":[{"count":1,"href":"https:\/\/plataformanoticias.mx\/index.php?rest_route=\/wp\/v2\/posts\/144441\/revisions"}],"predecessor-version":[{"id":144445,"href":"https:\/\/plataformanoticias.mx\/index.php?rest_route=\/wp\/v2\/posts\/144441\/revisions\/144445"}],"wp:featuredmedia":[{"embeddable":true,"href":"https:\/\/plataformanoticias.mx\/index.php?rest_route=\/wp\/v2\/media\/144443"}],"wp:attachment":[{"href":"https:\/\/plataformanoticias.mx\/index.php?rest_route=%2Fwp%2Fv2%2Fmedia&parent=144441"}],"wp:term":[{"taxonomy":"category","embeddable":true,"href":"https:\/\/plataformanoticias.mx\/index.php?rest_route=%2Fwp%2Fv2%2Fcategories&post=144441"},{"taxonomy":"post_tag","embeddable":true,"href":"https:\/\/plataformanoticias.mx\/index.php?rest_route=%2Fwp%2Fv2%2Ftags&post=144441"}],"curies":[{"name":"wp","href":"https:\/\/api.w.org\/{rel}","templated":true}]}}