{"id":144446,"date":"2026-08-31T15:13:24","date_gmt":"2026-08-31T22:13:24","guid":{"rendered":"https:\/\/plataformanoticias.mx\/?p=144446"},"modified":"2026-08-31T15:13:24","modified_gmt":"2026-08-31T22:13:24","slug":"revisan-locales-de-plaza-fiesta-las-palmas-ante-posible-reapertura","status":"publish","type":"post","link":"https:\/\/plataformanoticias.mx\/?p=144446","title":{"rendered":"Revisan locales de Plaza Fiesta Las Palmas ante posible reapertura"},"content":{"rendered":"<p><img loading=\"lazy\" decoding=\"async\" class=\"alignnone size-medium wp-image-144449 aligncenter\" src=\"https:\/\/plataformanoticias.mx\/wp-content\/uploads\/2026\/08\/f807bab0-c4ac-4f2a-b011-8a2284c213bf-300x235.jpeg\" alt=\"\" width=\"300\" height=\"235\" srcset=\"https:\/\/plataformanoticias.mx\/wp-content\/uploads\/2026\/08\/f807bab0-c4ac-4f2a-b011-8a2284c213bf-300x235.jpeg 300w, https:\/\/plataformanoticias.mx\/wp-content\/uploads\/2026\/08\/f807bab0-c4ac-4f2a-b011-8a2284c213bf-768x602.jpeg 768w, https:\/\/plataformanoticias.mx\/wp-content\/uploads\/2026\/08\/f807bab0-c4ac-4f2a-b011-8a2284c213bf.jpeg 960w\" sizes=\"auto, (max-width: 300px) 100vw, 300px\" \/><\/p>\n<p><strong>Los Mochis, Sinaloa.-<\/strong> Elementos de Protecci\u00f3n Civil de Ahome realizaron este lunes una inspecci\u00f3n en Plaza Fiesta Las Palmas, donde revisaron las instalaciones el\u00e9ctricas de 10 locales comerciales que podr\u00edan reabrir en los pr\u00f3ximos d\u00edas.<\/p>\n<p>De los establecimientos inspeccionados, cinco contaban con energ\u00eda el\u00e9ctrica, aunque uno no ten\u00eda suficiente suministro para operar el aire acondicionado; los otros cinco permanec\u00edan sin electricidad.<\/p>\n<p>La revisi\u00f3n se realiz\u00f3 en coordinaci\u00f3n con un ingeniero el\u00e9ctrico y personal de mantenimiento de la plaza.<\/p>\n","protected":false},"excerpt":{"rendered":"<p>Los Mochis, Sinaloa.- Elementos de Protecci\u00f3n Civil de Ahome realizaron este lunes una inspecci\u00f3n en Plaza Fiesta Las Palmas, donde revisaron las instalaciones el\u00e9ctricas de 10 locales comerciales que podr\u00edan reabrir en los pr\u00f3ximos d\u00edas. De los establecimientos inspeccionados, cinco contaban con energ\u00eda el\u00e9ctrica, aunque uno no ten\u00eda suficiente suministro para operar el aire acondicionado;<\/p>\n","protected":false},"author":6,"featured_media":144450,"comment_status":"closed","ping_status":"closed","sticky":false,"template":"","format":"standard","meta":{"footnotes":""},"categories":[38],"tags":[],"class_list":["post-144446","post","type-post","status-publish","format-standard","has-post-thumbnail","hentry","category-locales"],"_links":{"self":[{"href":"https:\/\/plataformanoticias.mx\/index.php?rest_route=\/wp\/v2\/posts\/144446","targetHints":{"allow":["GET"]}}],"collection":[{"href":"https:\/\/plataformanoticias.mx\/index.php?rest_route=\/wp\/v2\/posts"}],"about":[{"href":"https:\/\/plataformanoticias.mx\/index.php?rest_route=\/wp\/v2\/types\/post"}],"author":[{"embeddable":true,"href":"https:\/\/plataformanoticias.mx\/index.php?rest_route=\/wp\/v2\/users\/6"}],"replies":[{"embeddable":true,"href":"https:\/\/plataformanoticias.mx\/index.php?rest_route=%2Fwp%2Fv2%2Fcomments&post=144446"}],"version-history":[{"count":1,"href":"https:\/\/plataformanoticias.mx\/index.php?rest_route=\/wp\/v2\/posts\/144446\/revisions"}],"predecessor-version":[{"id":144451,"href":"https:\/\/plataformanoticias.mx\/index.php?rest_route=\/wp\/v2\/posts\/144446\/revisions\/144451"}],"wp:featuredmedia":[{"embeddable":true,"href":"https:\/\/plataformanoticias.mx\/index.php?rest_route=\/wp\/v2\/media\/144450"}],"wp:attachment":[{"href":"https:\/\/plataformanoticias.mx\/index.php?rest_route=%2Fwp%2Fv2%2Fmedia&parent=144446"}],"wp:term":[{"taxonomy":"category","embeddable":true,"href":"https:\/\/plataformanoticias.mx\/index.php?rest_route=%2Fwp%2Fv2%2Fcategories&post=144446"},{"taxonomy":"post_tag","embeddable":true,"href":"https:\/\/plataformanoticias.mx\/index.php?rest_route=%2Fwp%2Fv2%2Ftags&post=144446"}],"curies":[{"name":"wp","href":"https:\/\/api.w.org\/{rel}","templated":true}]}}