{"id":144453,"date":"2026-08-31T15:51:01","date_gmt":"2026-08-31T22:51:01","guid":{"rendered":"https:\/\/plataformanoticias.mx\/?p=144453"},"modified":"2026-08-31T15:51:58","modified_gmt":"2026-08-31T22:51:58","slug":"en-sinaloa-se-educa-para-la-paz-expresa-la-gobernadora-graciela-dominguez-al-encabezar-el-inicio-del-ciclo-escolar-2026-2027","status":"publish","type":"post","link":"https:\/\/plataformanoticias.mx\/?p=144453","title":{"rendered":"En Sinaloa se educa para la paz, expresa la Gobernadora Graciela Dom\u00ednguez, al encabezar el inicio del ciclo escolar 2026-2027"},"content":{"rendered":"<p>&nbsp;<\/p>\n<p>La mandataria estatal puso en marcha el inicio del ciclo escolar 2026-2027 en la escuela secundaria STASE, adem\u00e1s hizo entrega de libros de texto gratuitos a alumnos de educaci\u00f3n b\u00e1sica y mobiliario escolar; En Sinaloa, 572 mil 406 ni\u00f1as, ni\u00f1os y j\u00f3venes de educaci\u00f3n b\u00e1sica vuelven a las aulas.<\/p>\n<p style=\"text-align: center\">\u00a0<img loading=\"lazy\" decoding=\"async\" class=\"alignnone size-medium wp-image-144456\" src=\"https:\/\/plataformanoticias.mx\/wp-content\/uploads\/2026\/08\/8084b87d-4add-4eab-a7db-85f4da6d7942-300x200.jpeg\" alt=\"\" width=\"300\" height=\"200\" srcset=\"https:\/\/plataformanoticias.mx\/wp-content\/uploads\/2026\/08\/8084b87d-4add-4eab-a7db-85f4da6d7942-300x200.jpeg 300w, https:\/\/plataformanoticias.mx\/wp-content\/uploads\/2026\/08\/8084b87d-4add-4eab-a7db-85f4da6d7942-1024x683.jpeg 1024w, https:\/\/plataformanoticias.mx\/wp-content\/uploads\/2026\/08\/8084b87d-4add-4eab-a7db-85f4da6d7942-768x512.jpeg 768w, https:\/\/plataformanoticias.mx\/wp-content\/uploads\/2026\/08\/8084b87d-4add-4eab-a7db-85f4da6d7942.jpeg 1280w\" sizes=\"auto, (max-width: 300px) 100vw, 300px\" \/><\/p>\n<p><strong>Culiac\u00e1n, Sinaloa.-<\/strong> Con la educaci\u00f3n como una medio para construir paz y generar confianza ciudadana, la Gobernadora Graciela Dom\u00ednguez Nava, acompa\u00f1ada de la secretaria de Educaci\u00f3n P\u00fablica Estatal, Gloria Himelda F\u00e9lix y los secretarios del SNTE 53 Y 27, Ricardo Madrid Uriarte y Genaro Torrecillas, puso en marcha el inicio del ciclo escolar 2026 -2027 en la escuela secundaria STASE, de Culiac\u00e1n, donde la mandataria estatal, adem\u00e1s de darles la bienvenida a este nuevo ciclo a miles de ni\u00f1os, ni\u00f1as y j\u00f3venes sinaloenses, se\u00f1al\u00f3 que la educaci\u00f3n contribuye a la formaci\u00f3n integral y de habilidades de los futuros formadores de M\u00e9xico.<\/p>\n<p>Deseando lo mejor a todos los alumnos y alumnas del ciclo escolar 2026-2027, la titular del Ejecutivo estatal, rese\u00f1\u00f3 que el d\u00eda de hoy, regresan a las aulas 572 mil 406 alumnos de educaci\u00f3n b\u00e1sica, donde, aprender\u00e1n, debatir\u00e1n y crear\u00e1n conocimientos de forma conjunta, precisando que, hoy en d\u00eda la fuente principal de nuestro futuro est\u00e1 en los saberes que se trasmiten y en la capacidad para generar nuevos conocimientos que inciden el cambio y en la transformaci\u00f3n de nuestro orden social, por ello, se adec\u00faan los contenidos educativos a una nueva realidad formada en el ejercicio de la cr\u00edtica y en la formaci\u00f3n de ciudadanos libres y transmitir los saberes necesarios en un mundo m\u00e1s competitivo.<\/p>\n<p>\u201cLa educaci\u00f3n en M\u00e9xico ha sido a lo largo de muchos a\u00f1os una de las m\u00e1s formidables palancas de ascenso y movilidad social, con una cobertura que ha permitido que millones de ni\u00f1os, ni\u00f1as y j\u00f3venes accedan al disfrute de este bien b\u00e1sico que es la educaci\u00f3n p\u00fablica. Todas y todos sean bienvenidos a este nuevo ciclo escolar 2026-2027\u201d, afirm\u00f3 la Gobernadora Graciela.<\/p>\n<p>Asimismo, destac\u00f3 que, la educaci\u00f3n es un derecho universal gratuito e irrenunciable y para garantizar la continuidad educativa, la presidenta Claudia Sheinbaum, impulsa el programa de becas econ\u00f3micas Rita Cetina para alumnos de preescolar, primaria y secundaria, mientras, el Gobierno de Sinaloa contribuye con el programa de Uniformes y \u00datiles Escolares, a fin de evitar la deserci\u00f3n escolar y apoyar a las familias.<\/p>\n<p>Cabe se\u00f1alar que, durante el evento se hizo entrega de los primeros ejemplares de libros de texto gratuitos para preescolar, primaria y secundaria, adem\u00e1s del libro ABC de las Emociones, as\u00ed como mobiliario escolar al jard\u00edn de ni\u00f1os Juan de Dios Peza, escuela primaria Rafael Ram\u00edrez, secundaria t\u00e9cnica #1 y escuela secundaria STASE.<\/p>\n<p>La titular de Educaci\u00f3n Estatal, Gloria Himelda F\u00e9lix, describi\u00f3 a la Gobernadora Graciela Dom\u00ednguez, como una mujer que trabaja y respalda incansablemente la educaci\u00f3n, por ello, los 5 mil 900 planteles est\u00e1n preparados para recibir a ni\u00f1os, ni\u00f1as y j\u00f3venes que hoy inician una nueva etapa en sus vidas, tambi\u00e9n agradeci\u00f3 a los cientos de maestros sinaloenses por su vocaci\u00f3n y compromiso para formar a quienes ser\u00e1n el futuro de nuestro pa\u00eds.<\/p>\n<p>\u201cSean bienvenidos, crean en sus sue\u00f1os que aqu\u00ed est\u00e1 la secretar\u00eda de Educaci\u00f3n para acompa\u00f1arlos\u201d, dijo la funcionaria estatal.<\/p>\n<p>Por su parte, el director de la escuela secundaria STASE, No\u00e9 Liz\u00e1rraga Villegas, dio la bienvenida a las y los alumnos y agradeci\u00f3 a la Gobernadora Graciela y a la secretaria Gloria Himelda por impulsar la educaci\u00f3n en Sinaloa y garantizar los derechos de las y los maestros, as\u00ed como a los padres de familia por confiar en ellos a sus hijos, destacando que cada aula ser\u00e1 un cimiento s\u00f3lido para el desarrollo de ni\u00f1os, ni\u00f1as y j\u00f3venes.<\/p>\n<p>\u201cHoy inicia una etapa de transformaci\u00f3n, descubrimiento y crecimiento, aqu\u00ed no solo vendr\u00e1n a adquirir conocimientos acad\u00e9micos sino a construir su car\u00e1cter, a descubrir sus talentos y a formar amistades que los acompa\u00f1ar\u00e1n toda la vida\u201d, puntualiz\u00f3 el director de la escuela.<\/p>\n<p>Acompa\u00f1aron a la Gobernadora en este evento, Ana Miriam Ramos, alcaldesa de Culiac\u00e1n; Francisco Javier Barr\u00f3n, secretario de SEBIDES; Manuel de Jes\u00fas Guerrero, diputado; Juan Carlos Espinoza, representante de Guardia Nacional; Guadalupe de la Rosa Zatar\u00e1in, enlace educativo de SEP federal; Hugo Echave, director de ISIFE; as\u00ed como alumnos, alumnas, personal docente y padres de familia.<\/p>\n","protected":false},"excerpt":{"rendered":"<p>&nbsp; La mandataria estatal puso en marcha el inicio del ciclo escolar 2026-2027 en la escuela secundaria STASE, adem\u00e1s hizo entrega de libros de texto gratuitos a alumnos de educaci\u00f3n b\u00e1sica y mobiliario escolar; En Sinaloa, 572 mil 406 ni\u00f1as, ni\u00f1os y j\u00f3venes de educaci\u00f3n b\u00e1sica vuelven a las aulas. \u00a0 Culiac\u00e1n, Sinaloa.- Con la<\/p>\n","protected":false},"author":6,"featured_media":144455,"comment_status":"closed","ping_status":"closed","sticky":false,"template":"","format":"standard","meta":{"footnotes":""},"categories":[28],"tags":[],"class_list":["post-144453","post","type-post","status-publish","format-standard","has-post-thumbnail","hentry","category-centro"],"_links":{"self":[{"href":"https:\/\/plataformanoticias.mx\/index.php?rest_route=\/wp\/v2\/posts\/144453","targetHints":{"allow":["GET"]}}],"collection":[{"href":"https:\/\/plataformanoticias.mx\/index.php?rest_route=\/wp\/v2\/posts"}],"about":[{"href":"https:\/\/plataformanoticias.mx\/index.php?rest_route=\/wp\/v2\/types\/post"}],"author":[{"embeddable":true,"href":"https:\/\/plataformanoticias.mx\/index.php?rest_route=\/wp\/v2\/users\/6"}],"replies":[{"embeddable":true,"href":"https:\/\/plataformanoticias.mx\/index.php?rest_route=%2Fwp%2Fv2%2Fcomments&post=144453"}],"version-history":[{"count":2,"href":"https:\/\/plataformanoticias.mx\/index.php?rest_route=\/wp\/v2\/posts\/144453\/revisions"}],"predecessor-version":[{"id":144457,"href":"https:\/\/plataformanoticias.mx\/index.php?rest_route=\/wp\/v2\/posts\/144453\/revisions\/144457"}],"wp:featuredmedia":[{"embeddable":true,"href":"https:\/\/plataformanoticias.mx\/index.php?rest_route=\/wp\/v2\/media\/144455"}],"wp:attachment":[{"href":"https:\/\/plataformanoticias.mx\/index.php?rest_route=%2Fwp%2Fv2%2Fmedia&parent=144453"}],"wp:term":[{"taxonomy":"category","embeddable":true,"href":"https:\/\/plataformanoticias.mx\/index.php?rest_route=%2Fwp%2Fv2%2Fcategories&post=144453"},{"taxonomy":"post_tag","embeddable":true,"href":"https:\/\/plataformanoticias.mx\/index.php?rest_route=%2Fwp%2Fv2%2Ftags&post=144453"}],"curies":[{"name":"wp","href":"https:\/\/api.w.org\/{rel}","templated":true}]}}