{"id":144473,"date":"2026-09-01T07:24:25","date_gmt":"2026-09-01T14:24:25","guid":{"rendered":"https:\/\/plataformanoticias.mx\/?p=144473"},"modified":"2026-09-01T07:24:25","modified_gmt":"2026-09-01T14:24:25","slug":"aprueba-cabildo-de-juan-jose-rios-convenio-para-garantizar-agua-potable-en-las-comunidades-de-el-cerro-cabezon-y-bachoco","status":"publish","type":"post","link":"https:\/\/plataformanoticias.mx\/?p=144473","title":{"rendered":"Aprueba Cabildo de Juan Jos\u00e9 R\u00edos convenio para garantizar agua potable en las comunidades de el Cerro Cabez\u00f3n y Bachoco."},"content":{"rendered":"<p>&nbsp;<\/p>\n<p><strong>Juan Jos\u00e9 R\u00edos, Sinaloa.-<\/strong> La alcaldesa Evangelina Llanes Carre\u00f3n, H. Cuerpo de regidores y Secretario Alfredo Magallanes Ovalles encabezaron la Sesi\u00f3n Ordinaria N\u00famero 27 de Cabildo, donde fueron aprobados los puntos turnados a comisiones, priorizando el bienestar y los servicios b\u00e1sicos para las familias del municipio.<\/p>\n<p>Por mayor\u00eda de votos se aprob\u00f3 la suscripci\u00f3n del Convenio de Colaboraci\u00f3n con la Junta Municipal de Agua Potable y Alcantarillado de Guasave (JUMAPAG), con el cual se establecen las bases para el suministro de agua potable en al municipio de Juan Jos\u00e9 R\u00edos, producida en las plantas potabilizadoras de Miguel Alem\u00e1n y Ruiz Cortines, para garantizar el abasto del vital l\u00edquido en las localidades de Cerro Cabez\u00f3n y Bachoco.<\/p>\n<p>De igual forma, se aprob\u00f3 el Reglamento del Servicio Profesional de Carrera Policial, con el que se busca profesionalizar la labor de los elementos de seguridad p\u00fablica bajo los principios de legalidad, eficiencia y honestidad.<\/p>\n<p>Tambi\u00e9n fueron aprobados el Tabulador de Tr\u00e1mites, Servicios y Sanciones en materia de Protecci\u00f3n Civil y las modificaciones al C\u00f3digo de \u00c9tica y Conducta de los Servidores P\u00fablicos, en coordinaci\u00f3n con la Secretar\u00eda Ejecutiva del Sistema Estatal y Municipal Anticorrupci\u00f3n del Estado de Sinaloa (SESEA), as\u00ed como la baja contable de bienes muebles propios de la Hacienda Municipal que por su uso y estado ya no son adecuados para el servicio.<\/p>\n<p>Con estas acciones, el Gobierno Municipal de Juan Jos\u00e9 R\u00edos refrenda su compromiso de trabajar con orden, transparencia y con prioridad en las necesidades m\u00e1s sentidas de la ciudadan\u00eda.<\/p>\n","protected":false},"excerpt":{"rendered":"<p>&nbsp; Juan Jos\u00e9 R\u00edos, Sinaloa.- La alcaldesa Evangelina Llanes Carre\u00f3n, H. Cuerpo de regidores y Secretario Alfredo Magallanes Ovalles encabezaron la Sesi\u00f3n Ordinaria N\u00famero 27 de Cabildo, donde fueron aprobados los puntos turnados a comisiones, priorizando el bienestar y los servicios b\u00e1sicos para las familias del municipio. Por mayor\u00eda de votos se aprob\u00f3 la suscripci\u00f3n<\/p>\n","protected":false},"author":6,"featured_media":144475,"comment_status":"closed","ping_status":"closed","sticky":false,"template":"","format":"standard","meta":{"footnotes":""},"categories":[27],"tags":[],"class_list":["post-144473","post","type-post","status-publish","format-standard","has-post-thumbnail","hentry","category-norte"],"_links":{"self":[{"href":"https:\/\/plataformanoticias.mx\/index.php?rest_route=\/wp\/v2\/posts\/144473","targetHints":{"allow":["GET"]}}],"collection":[{"href":"https:\/\/plataformanoticias.mx\/index.php?rest_route=\/wp\/v2\/posts"}],"about":[{"href":"https:\/\/plataformanoticias.mx\/index.php?rest_route=\/wp\/v2\/types\/post"}],"author":[{"embeddable":true,"href":"https:\/\/plataformanoticias.mx\/index.php?rest_route=\/wp\/v2\/users\/6"}],"replies":[{"embeddable":true,"href":"https:\/\/plataformanoticias.mx\/index.php?rest_route=%2Fwp%2Fv2%2Fcomments&post=144473"}],"version-history":[{"count":1,"href":"https:\/\/plataformanoticias.mx\/index.php?rest_route=\/wp\/v2\/posts\/144473\/revisions"}],"predecessor-version":[{"id":144476,"href":"https:\/\/plataformanoticias.mx\/index.php?rest_route=\/wp\/v2\/posts\/144473\/revisions\/144476"}],"wp:featuredmedia":[{"embeddable":true,"href":"https:\/\/plataformanoticias.mx\/index.php?rest_route=\/wp\/v2\/media\/144475"}],"wp:attachment":[{"href":"https:\/\/plataformanoticias.mx\/index.php?rest_route=%2Fwp%2Fv2%2Fmedia&parent=144473"}],"wp:term":[{"taxonomy":"category","embeddable":true,"href":"https:\/\/plataformanoticias.mx\/index.php?rest_route=%2Fwp%2Fv2%2Fcategories&post=144473"},{"taxonomy":"post_tag","embeddable":true,"href":"https:\/\/plataformanoticias.mx\/index.php?rest_route=%2Fwp%2Fv2%2Ftags&post=144473"}],"curies":[{"name":"wp","href":"https:\/\/api.w.org\/{rel}","templated":true}]}}