{"id":144483,"date":"2026-09-01T16:07:04","date_gmt":"2026-09-01T23:07:04","guid":{"rendered":"https:\/\/plataformanoticias.mx\/?p=144483"},"modified":"2026-09-01T16:14:37","modified_gmt":"2026-09-01T23:14:37","slug":"sheinbaum-vive-en-una-realidad-que-los-de-morena-se-inventaron-en-sinaloa-las-familias-siguen-enfrentando-miedo-violencia-e-incertidumbre-cesar-emiliano-gerardo-lugo","status":"publish","type":"post","link":"https:\/\/plataformanoticias.mx\/?p=144483","title":{"rendered":"Sheinbaum vive en una realidad que los de Morena se inventaron; en Sinaloa las familias siguen enfrentando miedo, violencia e incertidumbre: C\u00e9sar Emiliano Gerardo Lugo."},"content":{"rendered":"<p>&nbsp;<\/p>\n<p><strong>Culiac\u00e1n, Sin.<\/strong>.- Mientras desde Palacio Nacional se presenta un pa\u00eds de resultados y avances, en Sinaloa la realidad que viven las familias dista mucho del discurso oficial, afirm\u00f3 el presidente del PRI Sinaloa, C\u00e9sar Emiliano Gerardo Lugo, al referirse al Segundo Informe de Gobierno de la presidenta Claudia Sheinbaum.<\/p>\n<p>El dirigente priista sostuvo que, el informe presidencial, deja la impresi\u00f3n de que el Gobierno Federal vive en una \u201crealidad alterna\u201d, alejada de lo que diariamente enfrentan las y los sinaloenses.<\/p>\n<p>\u201cLa presidenta habla de un M\u00e9xico que no es el M\u00e9xico que estamos viviendo en Sinaloa; aqu\u00ed las familias tienen miedo, hay comunidades que han padecido violencia, comerciantes que enfrentan incertidumbre y ciudadanos que exigen algo tan b\u00e1sico como poder salir de sus casas y regresar con tranquilidad\u201d, expres\u00f3.<\/p>\n<p>Gerardo Lugo cuestion\u00f3 que los indicadores y porcentajes utilizados por el Gobierno Federal para hablar de una mejora en materia de seguridad no pueden convertirse en una cortina de humo frente a una crisis que, dijo, ha dejado profundas consecuencias sociales y econ\u00f3micas en Sinaloa.<\/p>\n<p>Record\u00f3 que el propio Gobierno Federal ha reconocido que Sinaloa contin\u00faa entre las entidades con una importante incidencia de homicidios y que la situaci\u00f3n de violencia derivada de la confrontaci\u00f3n entre grupos delincuenciales ha requerido el reforzamiento permanente de fuerzas federales.<\/p>\n<p>\u201cNo se trata de maquillar cifras ni de comparar meses para presumir una reducci\u00f3n; se trata de que la gente vuelva a sentirse segura; una familia que vive con miedo no puede entender el discurso triunfalista del Gobierno\u201d, enfatiz\u00f3.<\/p>\n<p>El presidente del PRI Sinaloa se\u00f1al\u00f3 que el informe tambi\u00e9n debe evaluarse desde la perspectiva de los resultados que reciben directamente las familias: seguridad, salud, educaci\u00f3n, empleo, infraestructura y oportunidades.<\/p>\n<p>\u201cUn gobierno no puede evaluarse solamente por lo que dice en un informe, sino por lo que siente la gente en las calles. Y en Sinaloa todav\u00eda hay mucho miedo, mucha incertidumbre y muchas familias esperando respuestas\u201d, afirm\u00f3.<\/p>\n<p>Gerardo Lugo consider\u00f3 que la administraci\u00f3n federal tiene la obligaci\u00f3n de reconocer los problemas y asumir responsabilidades, en lugar de presentar una narrativa en la que pr\u00e1cticamente todo marcha bien.<\/p>\n<p>\u201cM\u00e9xico no necesita un gobierno que se felicite a s\u00ed mismo; necesita un gobierno que escuche, que reconozca lo que est\u00e1 fallando y que d\u00e9 resultados. Sinaloa no necesita discursos, necesita seguridad, justicia y tranquilidad\u201d, puntualiz\u00f3.<\/p>\n<p>Finalmente, reiter\u00f3 que desde el PRI Sinaloa continuar\u00e1n se\u00f1alando aquello que no funciona y acompa\u00f1ando las demandas ciudadanas, porque la oposici\u00f3n, dijo, tambi\u00e9n tiene la responsabilidad de poner sobre la mesa la realidad que desde el poder se pretende minimizar.<\/p>\n<p>\u201cDesde el PRI vamos a seguir hablando con la verdad, aunque incomode. Porque Sinaloa no vive en una realidad alterna: aqu\u00ed est\u00e1n las familias, aqu\u00ed est\u00e1n las calles y aqu\u00ed est\u00e1n los problemas que todav\u00eda esperan una respuesta\u201d, concluy\u00f3.<\/p>\n","protected":false},"excerpt":{"rendered":"<p>&nbsp; Culiac\u00e1n, Sin..- Mientras desde Palacio Nacional se presenta un pa\u00eds de resultados y avances, en Sinaloa la realidad que viven las familias dista mucho del discurso oficial, afirm\u00f3 el presidente del PRI Sinaloa, C\u00e9sar Emiliano Gerardo Lugo, al referirse al Segundo Informe de Gobierno de la presidenta Claudia Sheinbaum. El dirigente priista sostuvo que,<\/p>\n","protected":false},"author":6,"featured_media":144485,"comment_status":"closed","ping_status":"closed","sticky":false,"template":"","format":"standard","meta":{"footnotes":""},"categories":[31],"tags":[],"class_list":["post-144483","post","type-post","status-publish","format-standard","has-post-thumbnail","hentry","category-politica"],"_links":{"self":[{"href":"https:\/\/plataformanoticias.mx\/index.php?rest_route=\/wp\/v2\/posts\/144483","targetHints":{"allow":["GET"]}}],"collection":[{"href":"https:\/\/plataformanoticias.mx\/index.php?rest_route=\/wp\/v2\/posts"}],"about":[{"href":"https:\/\/plataformanoticias.mx\/index.php?rest_route=\/wp\/v2\/types\/post"}],"author":[{"embeddable":true,"href":"https:\/\/plataformanoticias.mx\/index.php?rest_route=\/wp\/v2\/users\/6"}],"replies":[{"embeddable":true,"href":"https:\/\/plataformanoticias.mx\/index.php?rest_route=%2Fwp%2Fv2%2Fcomments&post=144483"}],"version-history":[{"count":1,"href":"https:\/\/plataformanoticias.mx\/index.php?rest_route=\/wp\/v2\/posts\/144483\/revisions"}],"predecessor-version":[{"id":144486,"href":"https:\/\/plataformanoticias.mx\/index.php?rest_route=\/wp\/v2\/posts\/144483\/revisions\/144486"}],"wp:featuredmedia":[{"embeddable":true,"href":"https:\/\/plataformanoticias.mx\/index.php?rest_route=\/wp\/v2\/media\/144485"}],"wp:attachment":[{"href":"https:\/\/plataformanoticias.mx\/index.php?rest_route=%2Fwp%2Fv2%2Fmedia&parent=144483"}],"wp:term":[{"taxonomy":"category","embeddable":true,"href":"https:\/\/plataformanoticias.mx\/index.php?rest_route=%2Fwp%2Fv2%2Fcategories&post=144483"},{"taxonomy":"post_tag","embeddable":true,"href":"https:\/\/plataformanoticias.mx\/index.php?rest_route=%2Fwp%2Fv2%2Ftags&post=144483"}],"curies":[{"name":"wp","href":"https:\/\/api.w.org\/{rel}","templated":true}]}}