{"id":144489,"date":"2026-09-01T16:58:00","date_gmt":"2026-09-01T23:58:00","guid":{"rendered":"https:\/\/plataformanoticias.mx\/?p=144489"},"modified":"2026-09-01T16:58:00","modified_gmt":"2026-09-01T23:58:00","slug":"alcaldesa-evangelina-llanes-carreon-sostiene-reunion-de-trabajo-con-el-inpi-y-gobernadores-indigenas","status":"publish","type":"post","link":"https:\/\/plataformanoticias.mx\/?p=144489","title":{"rendered":"Alcaldesa Evangelina Llanes Carre\u00f3n sostiene reuni\u00f3n de trabajo con el INPI y Gobernadores Ind\u00edgenas."},"content":{"rendered":"<p>&nbsp;<\/p>\n<p><strong>Juan Jos\u00e9 R\u00edos, Sinaloa.-<\/strong> Esta ma\u00f1ana la alcaldesa Evangelina Llanes Carre\u00f3n, sostuvo una reuni\u00f3n de trabajo con la titular del Instituto Nacional de los Pueblos Ind\u00edgenas (INPI), Mirella Espinoza Imperial y con Gobernadores Ind\u00edgenas del municipio, con el objetivo de fortalecer el di\u00e1logo y atender sus necesidades prioritarias. Asimismo, se cont\u00f3 con la valiosa participaci\u00f3n del Diputado H\u00f3lincer Castro Mara\u00f1\u00f3n, quien de igual manera atendi\u00f3 las propuestas de necesidad prioritaria para las comunidades ind\u00edgenas.<\/p>\n<p>Durante el encuentro se abordaron temas relacionados con el bienestar comunitario, el respeto a los usos y costumbres, as\u00ed como la coordinaci\u00f3n para impulsar programas y acciones en beneficio de los pueblos originarios de Juan Jos\u00e9 R\u00edos.<\/p>\n<p>La alcaldesa reiter\u00f3 su compromiso de mantener un gobierno cercano y respetuoso de la diversidad cultural que distingue al municipio, trabajando de manera conjunta con las autoridades tradicionales.<\/p>\n<p>En la reuni\u00f3n tambi\u00e9n participaron los regidores Manuel Antonio Gallardo S\u00e1nchez, Comisi\u00f3n de Asuntos Ind\u00edgenas; Mar\u00eda Teresa Mondaca Cota, Comisi\u00f3n de Cultura, Mar\u00eda Elizabeth Alonso Apodaca y Luis Fernando Chinchillas Cota.<\/p>\n","protected":false},"excerpt":{"rendered":"<p>&nbsp; Juan Jos\u00e9 R\u00edos, Sinaloa.- Esta ma\u00f1ana la alcaldesa Evangelina Llanes Carre\u00f3n, sostuvo una reuni\u00f3n de trabajo con la titular del Instituto Nacional de los Pueblos Ind\u00edgenas (INPI), Mirella Espinoza Imperial y con Gobernadores Ind\u00edgenas del municipio, con el objetivo de fortalecer el di\u00e1logo y atender sus necesidades prioritarias. Asimismo, se cont\u00f3 con la valiosa<\/p>\n","protected":false},"author":6,"featured_media":144491,"comment_status":"closed","ping_status":"closed","sticky":false,"template":"","format":"standard","meta":{"footnotes":""},"categories":[27],"tags":[],"class_list":["post-144489","post","type-post","status-publish","format-standard","has-post-thumbnail","hentry","category-norte"],"_links":{"self":[{"href":"https:\/\/plataformanoticias.mx\/index.php?rest_route=\/wp\/v2\/posts\/144489","targetHints":{"allow":["GET"]}}],"collection":[{"href":"https:\/\/plataformanoticias.mx\/index.php?rest_route=\/wp\/v2\/posts"}],"about":[{"href":"https:\/\/plataformanoticias.mx\/index.php?rest_route=\/wp\/v2\/types\/post"}],"author":[{"embeddable":true,"href":"https:\/\/plataformanoticias.mx\/index.php?rest_route=\/wp\/v2\/users\/6"}],"replies":[{"embeddable":true,"href":"https:\/\/plataformanoticias.mx\/index.php?rest_route=%2Fwp%2Fv2%2Fcomments&post=144489"}],"version-history":[{"count":1,"href":"https:\/\/plataformanoticias.mx\/index.php?rest_route=\/wp\/v2\/posts\/144489\/revisions"}],"predecessor-version":[{"id":144492,"href":"https:\/\/plataformanoticias.mx\/index.php?rest_route=\/wp\/v2\/posts\/144489\/revisions\/144492"}],"wp:featuredmedia":[{"embeddable":true,"href":"https:\/\/plataformanoticias.mx\/index.php?rest_route=\/wp\/v2\/media\/144491"}],"wp:attachment":[{"href":"https:\/\/plataformanoticias.mx\/index.php?rest_route=%2Fwp%2Fv2%2Fmedia&parent=144489"}],"wp:term":[{"taxonomy":"category","embeddable":true,"href":"https:\/\/plataformanoticias.mx\/index.php?rest_route=%2Fwp%2Fv2%2Fcategories&post=144489"},{"taxonomy":"post_tag","embeddable":true,"href":"https:\/\/plataformanoticias.mx\/index.php?rest_route=%2Fwp%2Fv2%2Ftags&post=144489"}],"curies":[{"name":"wp","href":"https:\/\/api.w.org\/{rel}","templated":true}]}}