{"id":144499,"date":"2026-09-01T17:08:03","date_gmt":"2026-09-02T00:08:03","guid":{"rendered":"https:\/\/plataformanoticias.mx\/?p=144499"},"modified":"2026-09-01T17:08:03","modified_gmt":"2026-09-02T00:08:03","slug":"sinaloa-no-esta-en-crisis-esta-abandonado-desde-septiembre-de-2024","status":"publish","type":"post","link":"https:\/\/plataformanoticias.mx\/?p=144499","title":{"rendered":"Sinaloa no est\u00e1 en crisis, est\u00e1 abandonado desde septiembre de 2024"},"content":{"rendered":"<p>Sinaloa no necesita m\u00e1s diagn\u00f3sticos ni m\u00e1s mesas de seguridad. Necesita un gobierno que deje de ser espectador de su propia tragedia<\/p>\n<p><img loading=\"lazy\" decoding=\"async\" class=\"alignnone size-medium wp-image-144502 aligncenter\" src=\"https:\/\/plataformanoticias.mx\/wp-content\/uploads\/2026\/09\/e337fba9-4c27-47ab-872e-296cb7b41d86-300x196.jpeg\" alt=\"\" width=\"300\" height=\"196\" srcset=\"https:\/\/plataformanoticias.mx\/wp-content\/uploads\/2026\/09\/e337fba9-4c27-47ab-872e-296cb7b41d86-300x196.jpeg 300w, https:\/\/plataformanoticias.mx\/wp-content\/uploads\/2026\/09\/e337fba9-4c27-47ab-872e-296cb7b41d86-1024x669.jpeg 1024w, https:\/\/plataformanoticias.mx\/wp-content\/uploads\/2026\/09\/e337fba9-4c27-47ab-872e-296cb7b41d86-768x502.jpeg 768w, https:\/\/plataformanoticias.mx\/wp-content\/uploads\/2026\/09\/e337fba9-4c27-47ab-872e-296cb7b41d86.jpeg 1080w\" sizes=\"auto, (max-width: 300px) 100vw, 300px\" \/><br \/>\n<strong>Los Mochis, Sinaloa.-<\/strong> Desde que inici\u00f3 el enfrentamiento entre grupos criminales, en Sinaloa se han registrado miles de homicidios y un incremento exponencial de desapariciones. El Inegi estima m\u00e1s de 86 mil personas desplazadas de sus comunidades.<\/p>\n<p>Coparmex confirma 4 mil 880 registros patronales dados de baja y m\u00e1s de 25 mil empleos formales perdidos. La inversi\u00f3n extranjera directa pas\u00f3 de 400 millones de d\u00f3lares en 2024 a apenas 40 millones en 2025. Es el colapso.<\/p>\n<p>Pero lo m\u00e1s grave es que ya no hay lugares seguros. Esta misma semana, Alma Rosa Rojo, fundadora del colectivo Voces Unidas por la Vida, sobrevivi\u00f3 a un ataque directo. Iba en un auto con su hija y sus dos nietas, de 7 y 12 a\u00f1os. Dos sujetos las interceptaron en la avenida Jes\u00fas Silva Herzog, al sur de Culiac\u00e1n, y dispararon ocho veces contra ella. La ni\u00f1a puso sus manitas para intentar detener las balas<\/p>\n<p><img loading=\"lazy\" decoding=\"async\" class=\"alignnone size-medium wp-image-144503 aligncenter\" src=\"https:\/\/plataformanoticias.mx\/wp-content\/uploads\/2026\/09\/c088a464-be60-4a22-84b9-60706ed871ad-300x187.jpeg\" alt=\"\" width=\"300\" height=\"187\" srcset=\"https:\/\/plataformanoticias.mx\/wp-content\/uploads\/2026\/09\/c088a464-be60-4a22-84b9-60706ed871ad-300x187.jpeg 300w, https:\/\/plataformanoticias.mx\/wp-content\/uploads\/2026\/09\/c088a464-be60-4a22-84b9-60706ed871ad-1024x638.jpeg 1024w, https:\/\/plataformanoticias.mx\/wp-content\/uploads\/2026\/09\/c088a464-be60-4a22-84b9-60706ed871ad-768x479.jpeg 768w, https:\/\/plataformanoticias.mx\/wp-content\/uploads\/2026\/09\/c088a464-be60-4a22-84b9-60706ed871ad.jpeg 1080w\" sizes=\"auto, (max-width: 300px) 100vw, 300px\" \/><br \/>\nRojo sigue con una bala alojada en la espalda. Buscaba a su hermano desaparecido desde 2009. Ahora el Estado tendr\u00e1 que buscar qui\u00e9n la quiso matar.<\/p>\n<p>Mientras eso pasa, en Culiac\u00e1n, en el Colegio Ingl\u00e9s de Durango apareci\u00f3 una corona f\u00fanebre, veladoras y la amenaza pintada en la pared: &#8220;Aqu\u00ed va a tronar ALV&#8221;. As\u00ed empez\u00f3 el ciclo escolar.<\/p>\n<p>Y el gobierno, \u00bfd\u00f3nde est\u00e1?<\/p>\n<p>Rub\u00e9n Rocha Moya pidi\u00f3 licencia por segunda vez en menos de un mes. Regres\u00f3 34 horas y se volvi\u00f3 a ir. Dej\u00f3 en su lugar a Graciela Dom\u00ednguez Nava como gobernadora interina, pero en las calles la lectura es una: no hubo ruptura, sigue el mismo grupo en el poder. El gobernador que deb\u00eda dar la cara, se fue.<\/p>\n<p>El gobierno federal env\u00eda 2 mil elementos de la Guardia Nacional cada tres meses, hace operativos para la foto, decomisa dos camionetas y se va. La Secretar\u00eda de Seguridad P\u00fablica del estado solo emite comunicados de &#8220;se restableci\u00f3 el orden&#8221;.<\/p>\n<p>Mientras, los empresarios denuncian que ahora tambi\u00e9n se cobra piso a las Sofomes y a las financieras que prestan a peque\u00f1os comerciantes.<\/p>\n<p>En Sinaloa ya no se cobra piso solo por vender, se cobra por existir.<\/p>\n<p>El discurso oficial de &#8220;vamos bien&#8221; no le sirve a la madre que no deja salir a su hijo a la tienda, ni al comerciante de Los Mochis que baja la cortina a las seis de la tarde, ni a la buscadora que tiene que buscar entre fosas con miedo a que la maten por buscar.<\/p>\n<p>Dos a\u00f1os. Miles de muertos. Decenas de miles de desplazados. Cero responsables detenidos de alto nivel.<\/p>\n","protected":false},"excerpt":{"rendered":"<p>Sinaloa no necesita m\u00e1s diagn\u00f3sticos ni m\u00e1s mesas de seguridad. Necesita un gobierno que deje de ser espectador de su propia tragedia Los Mochis, Sinaloa.- Desde que inici\u00f3 el enfrentamiento entre grupos criminales, en Sinaloa se han registrado miles de homicidios y un incremento exponencial de desapariciones. El Inegi estima m\u00e1s de 86 mil personas<\/p>\n","protected":false},"author":6,"featured_media":144501,"comment_status":"closed","ping_status":"closed","sticky":false,"template":"","format":"standard","meta":{"footnotes":""},"categories":[38],"tags":[],"class_list":["post-144499","post","type-post","status-publish","format-standard","has-post-thumbnail","hentry","category-locales"],"_links":{"self":[{"href":"https:\/\/plataformanoticias.mx\/index.php?rest_route=\/wp\/v2\/posts\/144499","targetHints":{"allow":["GET"]}}],"collection":[{"href":"https:\/\/plataformanoticias.mx\/index.php?rest_route=\/wp\/v2\/posts"}],"about":[{"href":"https:\/\/plataformanoticias.mx\/index.php?rest_route=\/wp\/v2\/types\/post"}],"author":[{"embeddable":true,"href":"https:\/\/plataformanoticias.mx\/index.php?rest_route=\/wp\/v2\/users\/6"}],"replies":[{"embeddable":true,"href":"https:\/\/plataformanoticias.mx\/index.php?rest_route=%2Fwp%2Fv2%2Fcomments&post=144499"}],"version-history":[{"count":1,"href":"https:\/\/plataformanoticias.mx\/index.php?rest_route=\/wp\/v2\/posts\/144499\/revisions"}],"predecessor-version":[{"id":144504,"href":"https:\/\/plataformanoticias.mx\/index.php?rest_route=\/wp\/v2\/posts\/144499\/revisions\/144504"}],"wp:featuredmedia":[{"embeddable":true,"href":"https:\/\/plataformanoticias.mx\/index.php?rest_route=\/wp\/v2\/media\/144501"}],"wp:attachment":[{"href":"https:\/\/plataformanoticias.mx\/index.php?rest_route=%2Fwp%2Fv2%2Fmedia&parent=144499"}],"wp:term":[{"taxonomy":"category","embeddable":true,"href":"https:\/\/plataformanoticias.mx\/index.php?rest_route=%2Fwp%2Fv2%2Fcategories&post=144499"},{"taxonomy":"post_tag","embeddable":true,"href":"https:\/\/plataformanoticias.mx\/index.php?rest_route=%2Fwp%2Fv2%2Ftags&post=144499"}],"curies":[{"name":"wp","href":"https:\/\/api.w.org\/{rel}","templated":true}]}}