{"id":144505,"date":"2026-09-01T17:09:36","date_gmt":"2026-09-02T00:09:36","guid":{"rendered":"https:\/\/plataformanoticias.mx\/?p=144505"},"modified":"2026-09-01T17:09:36","modified_gmt":"2026-09-02T00:09:36","slug":"las-presas-de-sinaloa-renacen-estan-al-37-5-y-con-mas-de-2-mil-millones-de-metros-cubicos-mas-que-el-ano-pasado","status":"publish","type":"post","link":"https:\/\/plataformanoticias.mx\/?p=144505","title":{"rendered":"Las presas de Sinaloa renacen: est\u00e1n al 37.5% y con m\u00e1s de 2 mil millones de metros c\u00fabicos m\u00e1s que el a\u00f1o pasado"},"content":{"rendered":"<p><strong>Los Mochis, Sinaloa.- L<\/strong>o que hace un a\u00f1o era una cat\u00e1strofe, hoy es una historia de recuperaci\u00f3n.Las presas de Sinaloa est\u00e1n viviendo su mejor momento en dos a\u00f1os.<\/p>\n<p>De acuerdo con el reporte oficial de Conagua, el sistema registra 5 mil 937.3 millones de metros c\u00fabicos, lo que equivale al 37.5% de su capacidad total.<\/p>\n<p>\u00bfTe parece poco? El a\u00f1o pasado, en estas mismas fechas, est\u00e1bamos en 6%. Hoy tenemos 2 mil 041 millones de metros c\u00fabicos m\u00e1s. Es decir, recuperamos en un a\u00f1o lo que equivale a dos presas completas.<\/p>\n<p>Y las lluvias de agosto llegaron con fuerza:<\/p>\n<p>&#8211; Presa Picachos, en Mazatl\u00e1n: 100.7% de llenado, est\u00e1 vertiendo agua de forma controlada. Llena total.<br \/>\n&#8211; Presa Santa Mar\u00eda, en Rosario: 87.7% de su capacidad, con 695 millones de metros c\u00fabicos.<br \/>\n&#8211; Presa Eustaquio Buelna, en Salvador Alvarado: 76.2%, con 61 millones.<br \/>\n&#8211; Presa Luis Donaldo Colosio (Huites), en Choix: La m\u00e1s grande del sistema ya est\u00e1 al 53.1% con 1,701 millones, cuando en junio estaba en 24%.<\/p>\n<p>Incluso las presas del norte, que son las que m\u00e1s sufrieron en 2025, van para arriba. La Miguel Hidalgo (El Mahone) ya alcanz\u00f3 646.9 millones y la Adolfo L\u00f3pez Mateos (El Varejonal) super\u00f3 los 911 millones.<\/p>\n<p>El balance h\u00eddrico ya cambi\u00f3: entran 88 metros c\u00fabicos por segundo y las extracciones bajaron al m\u00ednimo. El sistema dej\u00f3 de sangrarse y empez\u00f3 a llenarse.<\/p>\n<p>Si septiembre nos regala un par de buenos ciclones en la sierra, Sinaloa podr\u00eda arrancar el ciclo agr\u00edcola oto\u00f1o-invierno 2026-2027 arriba del 50%, algo que en enero parec\u00eda imposible.<\/p>\n","protected":false},"excerpt":{"rendered":"<p>Los Mochis, Sinaloa.- Lo que hace un a\u00f1o era una cat\u00e1strofe, hoy es una historia de recuperaci\u00f3n.Las presas de Sinaloa est\u00e1n viviendo su mejor momento en dos a\u00f1os. De acuerdo con el reporte oficial de Conagua, el sistema registra 5 mil 937.3 millones de metros c\u00fabicos, lo que equivale al 37.5% de su capacidad total.<\/p>\n","protected":false},"author":6,"featured_media":144508,"comment_status":"closed","ping_status":"closed","sticky":false,"template":"","format":"standard","meta":{"footnotes":""},"categories":[38],"tags":[],"class_list":["post-144505","post","type-post","status-publish","format-standard","has-post-thumbnail","hentry","category-locales"],"_links":{"self":[{"href":"https:\/\/plataformanoticias.mx\/index.php?rest_route=\/wp\/v2\/posts\/144505","targetHints":{"allow":["GET"]}}],"collection":[{"href":"https:\/\/plataformanoticias.mx\/index.php?rest_route=\/wp\/v2\/posts"}],"about":[{"href":"https:\/\/plataformanoticias.mx\/index.php?rest_route=\/wp\/v2\/types\/post"}],"author":[{"embeddable":true,"href":"https:\/\/plataformanoticias.mx\/index.php?rest_route=\/wp\/v2\/users\/6"}],"replies":[{"embeddable":true,"href":"https:\/\/plataformanoticias.mx\/index.php?rest_route=%2Fwp%2Fv2%2Fcomments&post=144505"}],"version-history":[{"count":1,"href":"https:\/\/plataformanoticias.mx\/index.php?rest_route=\/wp\/v2\/posts\/144505\/revisions"}],"predecessor-version":[{"id":144509,"href":"https:\/\/plataformanoticias.mx\/index.php?rest_route=\/wp\/v2\/posts\/144505\/revisions\/144509"}],"wp:featuredmedia":[{"embeddable":true,"href":"https:\/\/plataformanoticias.mx\/index.php?rest_route=\/wp\/v2\/media\/144508"}],"wp:attachment":[{"href":"https:\/\/plataformanoticias.mx\/index.php?rest_route=%2Fwp%2Fv2%2Fmedia&parent=144505"}],"wp:term":[{"taxonomy":"category","embeddable":true,"href":"https:\/\/plataformanoticias.mx\/index.php?rest_route=%2Fwp%2Fv2%2Fcategories&post=144505"},{"taxonomy":"post_tag","embeddable":true,"href":"https:\/\/plataformanoticias.mx\/index.php?rest_route=%2Fwp%2Fv2%2Ftags&post=144505"}],"curies":[{"name":"wp","href":"https:\/\/api.w.org\/{rel}","templated":true}]}}