{"id":144514,"date":"2026-09-01T17:12:49","date_gmt":"2026-09-02T00:12:49","guid":{"rendered":"https:\/\/plataformanoticias.mx\/?p=144514"},"modified":"2026-09-01T17:12:49","modified_gmt":"2026-09-02T00:12:49","slug":"el-rector-jesus-maduena-fortalece-gestiones-ante-la-sep-para-atender-problemas-estructurales-de-la-uas-y-garantizar-el-cierre-responsable-del-ejercicio-financiero-2026","status":"publish","type":"post","link":"https:\/\/plataformanoticias.mx\/?p=144514","title":{"rendered":"El Rector Jes\u00fas Madue\u00f1a fortalece gestiones ante la SEP para atender problemas estructurales de la UAS y garantizar el cierre responsable del ejercicio financiero 2026"},"content":{"rendered":"<p>&nbsp;<\/p>\n<p>El Rector de la Universidad Aut\u00f3noma de Sinaloa (UAS), doctor Jes\u00fas Madue\u00f1a Molina, sostuvo dos reuniones de trabajo en la Ciudad de M\u00e9xico con autoridades de la Secretar\u00eda de Educaci\u00f3n P\u00fablica (SEP), como parte de las intensas gestiones que realiza la instituci\u00f3n para proyectar las condiciones necesarias para el cierre responsable del ejercicio anual 2026.<\/p>\n<p>La primera reuni\u00f3n fue con el director general de Educaci\u00f3n Superior Universitaria e Intercultural (DGESUI) de la SEP, doctor Carlos Iv\u00e1n Moreno Arellano, con quien el Rector abord\u00f3 asuntos relacionados con la situaci\u00f3n que enfrenta la Universidad y la necesidad de mantener una coordinaci\u00f3n permanente con las autoridades educativas federales para avanzar en la atenci\u00f3n de sus principales retos institucionales.<\/p>\n<p><img loading=\"lazy\" decoding=\"async\" class=\"alignnone size-medium wp-image-144517 aligncenter\" src=\"https:\/\/plataformanoticias.mx\/wp-content\/uploads\/2026\/09\/b4625f80-12c3-4613-a54e-a67faacf2cba-239x300.jpeg\" alt=\"\" width=\"239\" height=\"300\" srcset=\"https:\/\/plataformanoticias.mx\/wp-content\/uploads\/2026\/09\/b4625f80-12c3-4613-a54e-a67faacf2cba-239x300.jpeg 239w, https:\/\/plataformanoticias.mx\/wp-content\/uploads\/2026\/09\/b4625f80-12c3-4613-a54e-a67faacf2cba-814x1024.jpeg 814w, https:\/\/plataformanoticias.mx\/wp-content\/uploads\/2026\/09\/b4625f80-12c3-4613-a54e-a67faacf2cba-768x966.jpeg 768w, https:\/\/plataformanoticias.mx\/wp-content\/uploads\/2026\/09\/b4625f80-12c3-4613-a54e-a67faacf2cba-1221x1536.jpeg 1221w, https:\/\/plataformanoticias.mx\/wp-content\/uploads\/2026\/09\/b4625f80-12c3-4613-a54e-a67faacf2cba.jpeg 1272w\" sizes=\"auto, (max-width: 239px) 100vw, 239px\" \/><\/p>\n<p>Durante este encuentro, Madue\u00f1a Molina refrend\u00f3 la disposici\u00f3n de la Universidad para continuar trabajando de manera coordinada con las instancias federales, fortalecer los procesos institucionales y generar las condiciones que permitan a la UAS cumplir con su responsabilidad acad\u00e9mica y social, particularmente en un contexto en el que la instituci\u00f3n mantiene firme su compromiso con la educaci\u00f3n superior p\u00fablica y la atenci\u00f3n de las y los j\u00f3venes sinaloenses.<\/p>\n<p>En este sentido, las autoridades de la SEP reconocieron el esfuerzo que realiza la Universidad Aut\u00f3noma de Sinaloa, as\u00ed como el compromiso de las y los universitarios, para fortalecer las finanzas institucionales, avanzar en el proceso de reingenier\u00eda y contribuir a superar la situaci\u00f3n financiera que enfrenta la instituci\u00f3n. Este reconocimiento representa un respaldo al trabajo que desde la Universidad se viene realizando para ordenar y fortalecer sus procesos administrativos y financieros.<\/p>\n<p>Esta pol\u00edtica de puertas abiertas representa un compromiso de la Universidad con la sociedad sinaloense y con el derecho a la educaci\u00f3n superior; no obstante, mantenerla implica contar con los recursos suficientes para garantizar condiciones adecuadas de operaci\u00f3n, por lo que el acompa\u00f1amiento gubernamental resulta indispensable.<\/p>\n<p>Como parte de esta agenda de trabajo en la capital del pa\u00eds, el Rector sostuvo posteriormente una reuni\u00f3n con el titular de la Unidad de Administraci\u00f3n y Finanzas (UAF) de la SEP, Anselmo Pe\u00f1a Collazo, ante quien plante\u00f3 como una prioridad la atenci\u00f3n de los problemas estructurales que enfrenta la Universidad.<\/p>\n<p>En este segundo encuentro, el Rector destac\u00f3 que, a partir del proceso de reingenier\u00eda implementado por la instituci\u00f3n, existe una clara evidencia de la voluntad y el esfuerzo de la comunidad universitaria por contribuir al saneamiento y fortalecimiento de las finanzas institucionales.<\/p>\n<p>Asimismo, subray\u00f3 que estos esfuerzos requieren ser complementados con el respaldo del Gobierno, a fin de garantizar la viabilidad financiera de la Universidad y avanzar en la atenci\u00f3n de sus compromisos prioritarios.<\/p>\n<p>Madue\u00f1a Molina enfatiz\u00f3 que las gestiones ante la autoridad educativa federal se encuentran tambi\u00e9n alineadas con la pol\u00edtica de cobertura universal impulsada en el pa\u00eds, una realidad que en la UAS es p\u00fablica y notoria, al ser la instituci\u00f3n p\u00fablica de educaci\u00f3n superior que, por quinto a\u00f1o consecutivo, atiende al 100 por ciento de las y los estudiantes que solicitan su ingreso a un programa educativo rosalino.<\/p>\n<p>&nbsp;<\/p>\n<p><img loading=\"lazy\" decoding=\"async\" class=\"alignnone size-medium wp-image-144518 aligncenter\" src=\"https:\/\/plataformanoticias.mx\/wp-content\/uploads\/2026\/09\/a4f25bf7-c073-4cbd-9457-701f9c3d6411-238x300.jpeg\" alt=\"\" width=\"238\" height=\"300\" srcset=\"https:\/\/plataformanoticias.mx\/wp-content\/uploads\/2026\/09\/a4f25bf7-c073-4cbd-9457-701f9c3d6411-238x300.jpeg 238w, https:\/\/plataformanoticias.mx\/wp-content\/uploads\/2026\/09\/a4f25bf7-c073-4cbd-9457-701f9c3d6411-813x1024.jpeg 813w, https:\/\/plataformanoticias.mx\/wp-content\/uploads\/2026\/09\/a4f25bf7-c073-4cbd-9457-701f9c3d6411-768x967.jpeg 768w, https:\/\/plataformanoticias.mx\/wp-content\/uploads\/2026\/09\/a4f25bf7-c073-4cbd-9457-701f9c3d6411-1220x1536.jpeg 1220w, https:\/\/plataformanoticias.mx\/wp-content\/uploads\/2026\/09\/a4f25bf7-c073-4cbd-9457-701f9c3d6411.jpeg 1271w\" sizes=\"auto, (max-width: 238px) 100vw, 238px\" \/><\/p>\n<p>Esta pol\u00edtica de puertas abiertas representa un compromiso de la Universidad con la sociedad sinaloense y con el derecho a la educaci\u00f3n superior; no obstante, mantenerla implica contar con los recursos suficientes para garantizar condiciones adecuadas de operaci\u00f3n, por lo que el acompa\u00f1amiento gubernamental resulta indispensable.<\/p>\n<p>Otro de los temas prioritarios abordados durante la reuni\u00f3n fue la necesidad de que la Universidad se encuentre en condiciones de cubrir en tiempo y forma los salarios y prestaciones de sus trabajadores, evitando afectaciones a quienes hacen posible el funcionamiento cotidiano de la instituci\u00f3n.<\/p>\n<p>En este sentido, se record\u00f3 el esfuerzo realizado para salir adelante durante el verano, particularmente con el corrimiento financiero solicitado para cubrir las quincenas de julio y las primas vacacionales correspondientes a los ejercicios 2025 y 2026, mecanismo que permiti\u00f3 atender compromisos laborales fundamentales.<\/p>\n<p>El Rector refrend\u00f3 ante ambas autoridades federales la disposici\u00f3n de la Universidad para continuar trabajando en la reingenier\u00eda institucional, fortalecer sus mecanismos administrativos y financieros y generar las condiciones que permitan hacer frente a sus responsabilidades. De igual manera, destac\u00f3 la importancia de que estos esfuerzos sean acompa\u00f1ados por las instancias gubernamentales, en una suma de voluntades que permita avanzar en la recuperaci\u00f3n y fortalecimiento financiero de la instituci\u00f3n.<\/p>\n<p>Las gestiones continuar\u00e1n de manera intensa ante las autoridades educativas federales, con el objetivo de construir una ruta financiera que permita a la UAS cerrar de manera responsable el ejercicio 2026, atender sus problemas estructurales y superar gradualmente la situaci\u00f3n financiera que enfrenta, preservando tanto su compromiso con la cobertura universal como los derechos laborales de sus trabajadores.<\/p>\n","protected":false},"excerpt":{"rendered":"<p>&nbsp; El Rector de la Universidad Aut\u00f3noma de Sinaloa (UAS), doctor Jes\u00fas Madue\u00f1a Molina, sostuvo dos reuniones de trabajo en la Ciudad de M\u00e9xico con autoridades de la Secretar\u00eda de Educaci\u00f3n P\u00fablica (SEP), como parte de las intensas gestiones que realiza la instituci\u00f3n para proyectar las condiciones necesarias para el cierre responsable del ejercicio anual<\/p>\n","protected":false},"author":6,"featured_media":144516,"comment_status":"closed","ping_status":"closed","sticky":false,"template":"","format":"standard","meta":{"footnotes":""},"categories":[28],"tags":[],"class_list":["post-144514","post","type-post","status-publish","format-standard","has-post-thumbnail","hentry","category-centro"],"_links":{"self":[{"href":"https:\/\/plataformanoticias.mx\/index.php?rest_route=\/wp\/v2\/posts\/144514","targetHints":{"allow":["GET"]}}],"collection":[{"href":"https:\/\/plataformanoticias.mx\/index.php?rest_route=\/wp\/v2\/posts"}],"about":[{"href":"https:\/\/plataformanoticias.mx\/index.php?rest_route=\/wp\/v2\/types\/post"}],"author":[{"embeddable":true,"href":"https:\/\/plataformanoticias.mx\/index.php?rest_route=\/wp\/v2\/users\/6"}],"replies":[{"embeddable":true,"href":"https:\/\/plataformanoticias.mx\/index.php?rest_route=%2Fwp%2Fv2%2Fcomments&post=144514"}],"version-history":[{"count":1,"href":"https:\/\/plataformanoticias.mx\/index.php?rest_route=\/wp\/v2\/posts\/144514\/revisions"}],"predecessor-version":[{"id":144519,"href":"https:\/\/plataformanoticias.mx\/index.php?rest_route=\/wp\/v2\/posts\/144514\/revisions\/144519"}],"wp:featuredmedia":[{"embeddable":true,"href":"https:\/\/plataformanoticias.mx\/index.php?rest_route=\/wp\/v2\/media\/144516"}],"wp:attachment":[{"href":"https:\/\/plataformanoticias.mx\/index.php?rest_route=%2Fwp%2Fv2%2Fmedia&parent=144514"}],"wp:term":[{"taxonomy":"category","embeddable":true,"href":"https:\/\/plataformanoticias.mx\/index.php?rest_route=%2Fwp%2Fv2%2Fcategories&post=144514"},{"taxonomy":"post_tag","embeddable":true,"href":"https:\/\/plataformanoticias.mx\/index.php?rest_route=%2Fwp%2Fv2%2Ftags&post=144514"}],"curies":[{"name":"wp","href":"https:\/\/api.w.org\/{rel}","templated":true}]}}