{"id":144537,"date":"2026-09-01T20:01:49","date_gmt":"2026-09-02T03:01:49","guid":{"rendered":"https:\/\/plataformanoticias.mx\/?p=144537"},"modified":"2026-09-01T20:01:49","modified_gmt":"2026-09-02T03:01:49","slug":"congreso-del-estado-refrenda-disposicion-para-fortalecer-a-la-uadeo-y-analizar-su-solicitud-presupuestal-para-2027","status":"publish","type":"post","link":"https:\/\/plataformanoticias.mx\/?p=144537","title":{"rendered":"Congreso del Estado refrenda disposici\u00f3n para fortalecer a la UAdeO y analizar su solicitud presupuestal para 2027"},"content":{"rendered":"<p>&nbsp;<\/p>\n<p><strong>Culiac\u00e1n, Sinaloa.<\/strong>&#8211; Las Comisiones de Hacienda P\u00fablica y Administraci\u00f3n, y de Educaci\u00f3n, Ciencia y Tecnolog\u00eda del Congreso del Estado recibieron al rector de la Universidad Aut\u00f3noma de Occidente, Pedro Flores Leal, quien present\u00f3 los avances, retos y necesidades presupuestales de la instituci\u00f3n rumbo al ejercicio fiscal 2027.<\/p>\n<p>Durante el encuentro, encabezado por los presidentes de ambas Comisiones, Ambrocio Ch\u00e1vez Ch\u00e1vez y Manuel de Jes\u00fas Guerrero Verdugo, las y los legisladores escucharon la exposici\u00f3n del rector respecto al crecimiento de la matr\u00edcula, la ampliaci\u00f3n de la oferta educativa, los avances en materia de innovaci\u00f3n tecnol\u00f3gica, investigaci\u00f3n, cultura, deporte y atenci\u00f3n integral de las y los estudiantes, as\u00ed como la situaci\u00f3n financiera que enfrenta actualmente la universidad.<\/p>\n<p>Al dar la bienvenida a las autoridades universitarias, el presidente de la Comisi\u00f3n de Hacienda P\u00fablica y Administraci\u00f3n, Ambrocio Ch\u00e1vez Ch\u00e1vez, destac\u00f3 que el encuentro representa un espacio de di\u00e1logo institucional para conocer de primera mano las necesidades de la UAdeO y establecer las condiciones que permitan acompa\u00f1ar su desarrollo.<\/p>\n<p>El legislador subray\u00f3 que la Universidad Aut\u00f3noma de Occidente constituye una instituci\u00f3n fundamental para Sinaloa, no solamente por su funci\u00f3n educativa, sino tambi\u00e9n por sus aportaciones en materia de investigaci\u00f3n, cultura, deporte y formaci\u00f3n profesional de las nuevas generaciones.<\/p>\n<p>Durante su exposici\u00f3n, el rector de la UAdeO, Pedro Flores Leal, inform\u00f3 que la instituci\u00f3n cuenta con m\u00e1s de 23 mil estudiantes y ha fortalecido su oferta acad\u00e9mica en \u00e1reas estrat\u00e9gicas como inteligencia artificial y biotecnolog\u00eda. Sin embargo, se\u00f1al\u00f3 que el crecimiento de la matr\u00edcula no ha sido acompa\u00f1ado por un incremento proporcional del subsidio p\u00fablico, generando presiones sobre las finanzas universitarias.<br \/>\nFlores Leal se\u00f1al\u00f3 que actualmente la universidad dispone de aproximadamente 34 mil 443 pesos de presupuesto por estudiante, cifra considerablemente inferior a la media nacional de las universidades p\u00fablicas estatales, estimada en alrededor de 78 mil 877 pesos por alumno.<\/p>\n<p>En este contexto, plante\u00f3 al Congreso del Estado la necesidad de considerar para el presupuesto de 2027 un incremento de 76 millones de pesos en la aportaci\u00f3n estatal, con el prop\u00f3sito de avanzar hacia la regularizaci\u00f3n financiera de la instituci\u00f3n y gestionar una cantidad similar ante la Federaci\u00f3n, por lo que de concretarse ambas contribuciones, la universidad podr\u00eda contar con alrededor de 152 millones de pesos adicionales, lo que permitir\u00eda elevar el presupuesto por estudiante a aproximadamente 42 mil pesos y atender parte de los compromisos financieros acumulados.<\/p>\n<p>Ante este contexto, las y los diputados participantes coincidieron en la importancia de fortalecer a la instituci\u00f3n y manifestaron su disposici\u00f3n para analizar la propuesta dentro del proceso de construcci\u00f3n del paquete econ\u00f3mico para el pr\u00f3ximo ejercicio fiscal.<\/p>\n<p>El presidente de la Comisi\u00f3n de Educaci\u00f3n, Ciencia y Tecnolog\u00eda, Manuel de Jes\u00fas Guerrero Verdugo, reconoci\u00f3 el trabajo realizado por la comunidad universitaria y asegur\u00f3 que desde la Comisi\u00f3n que encabeza se revisar\u00e1n los planteamientos presentados.<\/p>\n<p>Por su parte, el diputado V\u00edctor Antonio Corrales Burgue\u00f1o reconoci\u00f3 el crecimiento que ha tenido la UAdeO y consider\u00f3 que los resultados presentados justifican la necesidad de revisar las condiciones presupuestales en las que opera la instituci\u00f3n. Tambi\u00e9n plante\u00f3 fortalecer el trabajo cultural y los mecanismos internos de evaluaci\u00f3n de la calidad educativa.<\/p>\n<p>La diputada Irma Moreno destac\u00f3 el esfuerzo realizado por la universidad para ampliar su matr\u00edcula y mantener instalaciones y servicios dignos pese a las limitaciones presupuestales. Manifest\u00f3 que es necesario cerrar filas para fortalecer la educaci\u00f3n superior y generar mayores oportunidades para las juventudes sinaloenses.<\/p>\n<p>En la reuni\u00f3n tambi\u00e9n estuvieron presentes las diputadas Erika Rub\u00ed Mart\u00ednez Rodr\u00edguez y Rita Fierro Reyes, quienes se sumaron al respaldo que brind\u00f3 el Congreso del Estado de esta instituci\u00f3n educativa.<\/p>\n","protected":false},"excerpt":{"rendered":"<p>&nbsp; Culiac\u00e1n, Sinaloa.&#8211; Las Comisiones de Hacienda P\u00fablica y Administraci\u00f3n, y de Educaci\u00f3n, Ciencia y Tecnolog\u00eda del Congreso del Estado recibieron al rector de la Universidad Aut\u00f3noma de Occidente, Pedro Flores Leal, quien present\u00f3 los avances, retos y necesidades presupuestales de la instituci\u00f3n rumbo al ejercicio fiscal 2027. Durante el encuentro, encabezado por los presidentes<\/p>\n","protected":false},"author":6,"featured_media":144539,"comment_status":"closed","ping_status":"closed","sticky":false,"template":"","format":"standard","meta":{"footnotes":""},"categories":[31],"tags":[],"class_list":["post-144537","post","type-post","status-publish","format-standard","has-post-thumbnail","hentry","category-politica"],"_links":{"self":[{"href":"https:\/\/plataformanoticias.mx\/index.php?rest_route=\/wp\/v2\/posts\/144537","targetHints":{"allow":["GET"]}}],"collection":[{"href":"https:\/\/plataformanoticias.mx\/index.php?rest_route=\/wp\/v2\/posts"}],"about":[{"href":"https:\/\/plataformanoticias.mx\/index.php?rest_route=\/wp\/v2\/types\/post"}],"author":[{"embeddable":true,"href":"https:\/\/plataformanoticias.mx\/index.php?rest_route=\/wp\/v2\/users\/6"}],"replies":[{"embeddable":true,"href":"https:\/\/plataformanoticias.mx\/index.php?rest_route=%2Fwp%2Fv2%2Fcomments&post=144537"}],"version-history":[{"count":1,"href":"https:\/\/plataformanoticias.mx\/index.php?rest_route=\/wp\/v2\/posts\/144537\/revisions"}],"predecessor-version":[{"id":144540,"href":"https:\/\/plataformanoticias.mx\/index.php?rest_route=\/wp\/v2\/posts\/144537\/revisions\/144540"}],"wp:featuredmedia":[{"embeddable":true,"href":"https:\/\/plataformanoticias.mx\/index.php?rest_route=\/wp\/v2\/media\/144539"}],"wp:attachment":[{"href":"https:\/\/plataformanoticias.mx\/index.php?rest_route=%2Fwp%2Fv2%2Fmedia&parent=144537"}],"wp:term":[{"taxonomy":"category","embeddable":true,"href":"https:\/\/plataformanoticias.mx\/index.php?rest_route=%2Fwp%2Fv2%2Fcategories&post=144537"},{"taxonomy":"post_tag","embeddable":true,"href":"https:\/\/plataformanoticias.mx\/index.php?rest_route=%2Fwp%2Fv2%2Ftags&post=144537"}],"curies":[{"name":"wp","href":"https:\/\/api.w.org\/{rel}","templated":true}]}}