{"id":144547,"date":"2026-09-01T20:52:51","date_gmt":"2026-09-02T03:52:51","guid":{"rendered":"https:\/\/plataformanoticias.mx\/?p=144547"},"modified":"2026-09-01T20:52:51","modified_gmt":"2026-09-02T03:52:51","slug":"enef-celebra-32-anos-formando-a-las-nuevas-generaciones-de-docentes","status":"publish","type":"post","link":"https:\/\/plataformanoticias.mx\/?p=144547","title":{"rendered":"ENEF celebra 32 a\u00f1os formando a las nuevas generaciones de docentes"},"content":{"rendered":"<p><img loading=\"lazy\" decoding=\"async\" class=\"alignnone size-medium wp-image-144549 aligncenter\" src=\"https:\/\/plataformanoticias.mx\/wp-content\/uploads\/2026\/09\/15bf3777-6a69-46ff-a462-6d111489a643-300x169.jpeg\" alt=\"\" width=\"300\" height=\"169\" srcset=\"https:\/\/plataformanoticias.mx\/wp-content\/uploads\/2026\/09\/15bf3777-6a69-46ff-a462-6d111489a643-300x169.jpeg 300w, https:\/\/plataformanoticias.mx\/wp-content\/uploads\/2026\/09\/15bf3777-6a69-46ff-a462-6d111489a643-1024x576.jpeg 1024w, https:\/\/plataformanoticias.mx\/wp-content\/uploads\/2026\/09\/15bf3777-6a69-46ff-a462-6d111489a643-768x432.jpeg 768w, https:\/\/plataformanoticias.mx\/wp-content\/uploads\/2026\/09\/15bf3777-6a69-46ff-a462-6d111489a643-1536x864.jpeg 1536w, https:\/\/plataformanoticias.mx\/wp-content\/uploads\/2026\/09\/15bf3777-6a69-46ff-a462-6d111489a643.jpeg 1599w\" sizes=\"auto, (max-width: 300px) 100vw, 300px\" \/><\/p>\n<p><strong>El Fuerte, Sinaloa<\/strong>.- Con 32 a\u00f1os dedicados a la formaci\u00f3n de futuros maestros, la Escuela Normal Experimental de El Fuerte \u201cMiguel Castillo Cruz\u201d celebr\u00f3 su aniversario con la participaci\u00f3n de estudiantes, docentes, autoridades educativas y funcionarios de la regi\u00f3n norte de Sinaloa.<\/p>\n<p>Como invitado especial acudi\u00f3 Julio C\u00e9sar Leyva Ruiz, director general de Educaci\u00f3n Superior para el Magisterio, mientras que en representaci\u00f3n del Gobierno del Estado estuvo el subsecretario de Educaci\u00f3n Superior, Rodrigo Zavala L\u00f3pez.<\/p>\n<p><img loading=\"lazy\" decoding=\"async\" class=\"alignnone size-medium wp-image-144550 aligncenter\" src=\"https:\/\/plataformanoticias.mx\/wp-content\/uploads\/2026\/09\/IMG_7700-300x226.jpeg\" alt=\"\" width=\"300\" height=\"226\" srcset=\"https:\/\/plataformanoticias.mx\/wp-content\/uploads\/2026\/09\/IMG_7700-300x226.jpeg 300w, https:\/\/plataformanoticias.mx\/wp-content\/uploads\/2026\/09\/IMG_7700-768x578.jpeg 768w, https:\/\/plataformanoticias.mx\/wp-content\/uploads\/2026\/09\/IMG_7700.jpeg 960w\" sizes=\"auto, (max-width: 300px) 100vw, 300px\" \/><\/p>\n<p>Durante el evento, la directora de la ENEF, Cinthia Maribel Vega Quintero, destac\u00f3 los logros alcanzados por la instituci\u00f3n durante m\u00e1s de tres d\u00e9cadas y refrend\u00f3 el compromiso de fortalecer la formaci\u00f3n acad\u00e9mica y, principalmente, los valores entre sus estudiantes.<\/p>\n<p>Por su parte, Leyva Ruiz reconoci\u00f3 el crecimiento y desarrollo de la Normal Experimental de El Fuerte, al se\u00f1alar que se ha consolidado como una de las instituciones formadoras de docentes m\u00e1s destacadas del pa\u00eds.<\/p>\n<p>La celebraci\u00f3n reuni\u00f3 a la comunidad normalista para reconocer la trayectoria de una instituci\u00f3n que, durante 32 a\u00f1os, ha contribuido a la formaci\u00f3n de profesionales que hoy participan en la educaci\u00f3n de ni\u00f1as, ni\u00f1os y j\u00f3venes.<\/p>\n","protected":false},"excerpt":{"rendered":"<p>El Fuerte, Sinaloa.- Con 32 a\u00f1os dedicados a la formaci\u00f3n de futuros maestros, la Escuela Normal Experimental de El Fuerte \u201cMiguel Castillo Cruz\u201d celebr\u00f3 su aniversario con la participaci\u00f3n de estudiantes, docentes, autoridades educativas y funcionarios de la regi\u00f3n norte de Sinaloa. Como invitado especial acudi\u00f3 Julio C\u00e9sar Leyva Ruiz, director general de Educaci\u00f3n Superior<\/p>\n","protected":false},"author":6,"featured_media":144551,"comment_status":"closed","ping_status":"closed","sticky":false,"template":"","format":"standard","meta":{"footnotes":""},"categories":[27],"tags":[],"class_list":["post-144547","post","type-post","status-publish","format-standard","has-post-thumbnail","hentry","category-norte"],"_links":{"self":[{"href":"https:\/\/plataformanoticias.mx\/index.php?rest_route=\/wp\/v2\/posts\/144547","targetHints":{"allow":["GET"]}}],"collection":[{"href":"https:\/\/plataformanoticias.mx\/index.php?rest_route=\/wp\/v2\/posts"}],"about":[{"href":"https:\/\/plataformanoticias.mx\/index.php?rest_route=\/wp\/v2\/types\/post"}],"author":[{"embeddable":true,"href":"https:\/\/plataformanoticias.mx\/index.php?rest_route=\/wp\/v2\/users\/6"}],"replies":[{"embeddable":true,"href":"https:\/\/plataformanoticias.mx\/index.php?rest_route=%2Fwp%2Fv2%2Fcomments&post=144547"}],"version-history":[{"count":1,"href":"https:\/\/plataformanoticias.mx\/index.php?rest_route=\/wp\/v2\/posts\/144547\/revisions"}],"predecessor-version":[{"id":144552,"href":"https:\/\/plataformanoticias.mx\/index.php?rest_route=\/wp\/v2\/posts\/144547\/revisions\/144552"}],"wp:featuredmedia":[{"embeddable":true,"href":"https:\/\/plataformanoticias.mx\/index.php?rest_route=\/wp\/v2\/media\/144551"}],"wp:attachment":[{"href":"https:\/\/plataformanoticias.mx\/index.php?rest_route=%2Fwp%2Fv2%2Fmedia&parent=144547"}],"wp:term":[{"taxonomy":"category","embeddable":true,"href":"https:\/\/plataformanoticias.mx\/index.php?rest_route=%2Fwp%2Fv2%2Fcategories&post=144547"},{"taxonomy":"post_tag","embeddable":true,"href":"https:\/\/plataformanoticias.mx\/index.php?rest_route=%2Fwp%2Fv2%2Ftags&post=144547"}],"curies":[{"name":"wp","href":"https:\/\/api.w.org\/{rel}","templated":true}]}}