{"id":144553,"date":"2026-09-01T21:11:54","date_gmt":"2026-09-02T04:11:54","guid":{"rendered":"https:\/\/plataformanoticias.mx\/?p=144553"},"modified":"2026-09-01T21:11:54","modified_gmt":"2026-09-02T04:11:54","slug":"es-un-informe-honesto-y-de-resultados-imelda-castro-sobre-el-segundo-informe-de-la-presidenta-claudia-sheinbaum","status":"publish","type":"post","link":"https:\/\/plataformanoticias.mx\/?p=144553","title":{"rendered":"Es un informe honesto y de resultados\u201d: Imelda Castro sobre el Segundo Informe de la presidenta Claudia Sheinbaum"},"content":{"rendered":"<p>La coordinadora de la 4T en Sinaloa y quienes aspiraron al cargo, refrendaron la unidad del movimiento con miras a promover los logros de la presidenta Claudia Sheinbaum<\/p>\n<p><img loading=\"lazy\" decoding=\"async\" class=\"alignnone size-medium wp-image-144555 aligncenter\" src=\"https:\/\/plataformanoticias.mx\/wp-content\/uploads\/2026\/09\/e494e16a-2b50-4d3f-a2c7-c879bdcac638-300x169.jpeg\" alt=\"\" width=\"300\" height=\"169\" srcset=\"https:\/\/plataformanoticias.mx\/wp-content\/uploads\/2026\/09\/e494e16a-2b50-4d3f-a2c7-c879bdcac638-300x169.jpeg 300w, https:\/\/plataformanoticias.mx\/wp-content\/uploads\/2026\/09\/e494e16a-2b50-4d3f-a2c7-c879bdcac638-1024x576.jpeg 1024w, https:\/\/plataformanoticias.mx\/wp-content\/uploads\/2026\/09\/e494e16a-2b50-4d3f-a2c7-c879bdcac638-768x432.jpeg 768w, https:\/\/plataformanoticias.mx\/wp-content\/uploads\/2026\/09\/e494e16a-2b50-4d3f-a2c7-c879bdcac638.jpeg 1280w\" sizes=\"auto, (max-width: 300px) 100vw, 300px\" \/><br \/>\n<strong>CULIAC\u00c1N, Sinaloa.\u2014 E<\/strong>n un encuentro donde se refrend\u00f3 la unidad del movimiento de la Cuarta Transformaci\u00f3n en Sinaloa, Imelda Castro y liderazgos de Morena se reunieron con la militancia para presenciar la transmisi\u00f3n en vivo del Segundo Informe de Gobierno de la presidenta Claudia Sheinbaum Pardo.<br \/>\nAl llamado acudieron ex aspirantes a coordinar la Defensa de la Transformaci\u00f3n y la Soberan\u00eda Nacional en Sinaloa, como la doctora Mar\u00eda Teresa Guerra Ochoa, Omar L\u00f3pez Campos, Kristiam Alexis Espinoza Garc\u00eda, Manuel de Jes\u00fas Guerrero Verdugo y Rodolfo Valenzuela, as\u00ed como el presidente del Comit\u00e9 Directivo Estatal del partido, \u00c9dgar Barraza.<br \/>\n\u201cNecesitamos trabajar para divulgar el informe de nuestra presidenta, todos debemos trabajemos unidos en la divulgaci\u00f3n de los logros de nuestro gobierno, de nuestra presidenta, en Sinaloa\u201d, destac\u00f3 Imelda Castro.<br \/>\nLa hoy coordinadora de los Comit\u00e9s de la Defensa de la Transformaci\u00f3n en Sinaloa agradeci\u00f3 a los militantes de Morena todo el apoyo que les dieron a todos los y las aspirantes en el pasado proceso interno del partido, y los invit\u00f3 a tomar nota del Segundo Informe de Labores.<br \/>\n\u201cHay muchos avances, vamos a estar dando cuenta de las obras, de los proyectos que en Sinaloa han estado dentro del Segundo Informe de nuestra presidenta Claudia Sheinbaum\u201d, resalt\u00f3.<br \/>\nEs importante destacar que entre los logros sociales que se escucharon en el informe, fueron los 1.13 millones de beneficiarios por alg\u00fan programa para el bienestar en Sinaloa, alcanzando una suma total de 26.3 mil millones de pesos.<br \/>\nAsimismo, la presidenta Sheinbaum coloc\u00f3 a Culiac\u00e1n entre los territorios donde su administraci\u00f3n ha concentrado acciones de seguridad y atenci\u00f3n social, asegurando que la reducci\u00f3n de la violencia es acompa\u00f1ada por operativos contra grupos delictivos, decomisos y programas enfocados a las comunidades consideradas prioritarias.<br \/>\n\u201cTrabajamos con especial atenci\u00f3n en diversos territorios prioritarios entre los que se encuentran: 10 municipios de Michoac\u00e1n; Cuautla, Morelos; Culiac\u00e1n, Sinaloa; La Monta\u00f1a de Guerrero y 40 municipios prioritarios, a los que llevamos el Programa J\u00f3venes Unen al Barrio, J\u00f3venes Construyendo el Futuro, Preparatorias Margarita Maza, la construcci\u00f3n de Centros Deportivos M\u00e9xico Imparable, Boxeando por la Paz, conciertos y actividades deportivas\u201d, destac\u00f3.<\/p>\n","protected":false},"excerpt":{"rendered":"<p>La coordinadora de la 4T en Sinaloa y quienes aspiraron al cargo, refrendaron la unidad del movimiento con miras a promover los logros de la presidenta Claudia Sheinbaum CULIAC\u00c1N, Sinaloa.\u2014 En un encuentro donde se refrend\u00f3 la unidad del movimiento de la Cuarta Transformaci\u00f3n en Sinaloa, Imelda Castro y liderazgos de Morena se reunieron con<\/p>\n","protected":false},"author":6,"featured_media":144556,"comment_status":"closed","ping_status":"closed","sticky":false,"template":"","format":"standard","meta":{"footnotes":""},"categories":[31],"tags":[],"class_list":["post-144553","post","type-post","status-publish","format-standard","has-post-thumbnail","hentry","category-politica"],"_links":{"self":[{"href":"https:\/\/plataformanoticias.mx\/index.php?rest_route=\/wp\/v2\/posts\/144553","targetHints":{"allow":["GET"]}}],"collection":[{"href":"https:\/\/plataformanoticias.mx\/index.php?rest_route=\/wp\/v2\/posts"}],"about":[{"href":"https:\/\/plataformanoticias.mx\/index.php?rest_route=\/wp\/v2\/types\/post"}],"author":[{"embeddable":true,"href":"https:\/\/plataformanoticias.mx\/index.php?rest_route=\/wp\/v2\/users\/6"}],"replies":[{"embeddable":true,"href":"https:\/\/plataformanoticias.mx\/index.php?rest_route=%2Fwp%2Fv2%2Fcomments&post=144553"}],"version-history":[{"count":1,"href":"https:\/\/plataformanoticias.mx\/index.php?rest_route=\/wp\/v2\/posts\/144553\/revisions"}],"predecessor-version":[{"id":144557,"href":"https:\/\/plataformanoticias.mx\/index.php?rest_route=\/wp\/v2\/posts\/144553\/revisions\/144557"}],"wp:featuredmedia":[{"embeddable":true,"href":"https:\/\/plataformanoticias.mx\/index.php?rest_route=\/wp\/v2\/media\/144556"}],"wp:attachment":[{"href":"https:\/\/plataformanoticias.mx\/index.php?rest_route=%2Fwp%2Fv2%2Fmedia&parent=144553"}],"wp:term":[{"taxonomy":"category","embeddable":true,"href":"https:\/\/plataformanoticias.mx\/index.php?rest_route=%2Fwp%2Fv2%2Fcategories&post=144553"},{"taxonomy":"post_tag","embeddable":true,"href":"https:\/\/plataformanoticias.mx\/index.php?rest_route=%2Fwp%2Fv2%2Ftags&post=144553"}],"curies":[{"name":"wp","href":"https:\/\/api.w.org\/{rel}","templated":true}]}}