{"id":144572,"date":"2026-09-02T09:25:43","date_gmt":"2026-09-02T16:25:43","guid":{"rendered":"https:\/\/plataformanoticias.mx\/?p=144572"},"modified":"2026-09-02T09:25:43","modified_gmt":"2026-09-02T16:25:43","slug":"se-le-fue-un-tiro-joven-se-dispara-en-la-cabeza-mientras-limpiaba-escopeta-en-los-mochis","status":"publish","type":"post","link":"https:\/\/plataformanoticias.mx\/?p=144572","title":{"rendered":"\u00a1Se le fue un tiro! Joven se dispara en la cabeza mientras limpiaba escopeta en Los Mochis"},"content":{"rendered":"<p>&nbsp;<\/p>\n<p>Mariano, de 23 a\u00f1os, qued\u00f3 grave; su familia cenaba cuando escuch\u00f3 el estruendo en la colonia An\u00e1huac<\/p>\n<p><strong><em>Los Mochis, Sin.-<\/em><\/strong> Por poco y no la cuenta. Un joven de 23 a\u00f1os termin\u00f3 con un balazo en la sien luego de que se le disparara accidentalmente la escopeta que limpiaba dentro de su casa.<\/p>\n<p>Se trata de Mariano Ord\u00f3\u00f1ez, vecino de la colonia An\u00e1huac, quien result\u00f3 gravemente herido.<\/p>\n<p>El accidente ocurri\u00f3 alrededor de las 10:00 de la noche de este martes 1 de septiembre, en un domicilio ubicado sobre la calle Constituci\u00f3n, entre 5 de Mayo y Comonfort.<\/p>\n<p>Seg\u00fan lo recabado, el joven estaba manipulando un rifle tipo escopeta en una de las habitaciones, al parecer limpi\u00e1ndolo, cuando de repente se accion\u00f3 y el proyectil le peg\u00f3 a la altura de la sien.<\/p>\n<p>Su familia, que estaba en la cocina cenando, escuch\u00f3 el tronido y corri\u00f3 a ver qu\u00e9 hab\u00eda pasado. Al entrar a la rec\u00e1mara lo encontraron tirado, inconsciente y sangrando de la cabeza.<\/p>\n<p>De inmediato marcaron al 911. En un inicio se report\u00f3 que hab\u00eda fallecido, lo que moviliz\u00f3 en caliente a polic\u00edas y param\u00e9dicos.<\/p>\n<p>Al llegar, elementos de Cruz Roja y de la Secretar\u00eda de Seguridad de Ahome confirmaron que a\u00fan ten\u00eda signos vitales. Lo estabilizaron, lo subieron a la ambulancia y con escolta de dos patrullas abri\u00e9ndole paso, lo llevaron de volada a un hospital privado en Jardines de F\u00e1tima.<\/p>\n<p>Su estado se reporta como cr\u00edtico e inconsciente. Los m\u00e9dicos hacen todo lo posible por salvarle la vida.<\/p>\n","protected":false},"excerpt":{"rendered":"<p>&nbsp; Mariano, de 23 a\u00f1os, qued\u00f3 grave; su familia cenaba cuando escuch\u00f3 el estruendo en la colonia An\u00e1huac Los Mochis, Sin.- Por poco y no la cuenta. Un joven de 23 a\u00f1os termin\u00f3 con un balazo en la sien luego de que se le disparara accidentalmente la escopeta que limpiaba dentro de su casa. Se<\/p>\n","protected":false},"author":6,"featured_media":144574,"comment_status":"closed","ping_status":"closed","sticky":false,"template":"","format":"standard","meta":{"footnotes":""},"categories":[38],"tags":[],"class_list":["post-144572","post","type-post","status-publish","format-standard","has-post-thumbnail","hentry","category-locales"],"_links":{"self":[{"href":"https:\/\/plataformanoticias.mx\/index.php?rest_route=\/wp\/v2\/posts\/144572","targetHints":{"allow":["GET"]}}],"collection":[{"href":"https:\/\/plataformanoticias.mx\/index.php?rest_route=\/wp\/v2\/posts"}],"about":[{"href":"https:\/\/plataformanoticias.mx\/index.php?rest_route=\/wp\/v2\/types\/post"}],"author":[{"embeddable":true,"href":"https:\/\/plataformanoticias.mx\/index.php?rest_route=\/wp\/v2\/users\/6"}],"replies":[{"embeddable":true,"href":"https:\/\/plataformanoticias.mx\/index.php?rest_route=%2Fwp%2Fv2%2Fcomments&post=144572"}],"version-history":[{"count":1,"href":"https:\/\/plataformanoticias.mx\/index.php?rest_route=\/wp\/v2\/posts\/144572\/revisions"}],"predecessor-version":[{"id":144575,"href":"https:\/\/plataformanoticias.mx\/index.php?rest_route=\/wp\/v2\/posts\/144572\/revisions\/144575"}],"wp:featuredmedia":[{"embeddable":true,"href":"https:\/\/plataformanoticias.mx\/index.php?rest_route=\/wp\/v2\/media\/144574"}],"wp:attachment":[{"href":"https:\/\/plataformanoticias.mx\/index.php?rest_route=%2Fwp%2Fv2%2Fmedia&parent=144572"}],"wp:term":[{"taxonomy":"category","embeddable":true,"href":"https:\/\/plataformanoticias.mx\/index.php?rest_route=%2Fwp%2Fv2%2Fcategories&post=144572"},{"taxonomy":"post_tag","embeddable":true,"href":"https:\/\/plataformanoticias.mx\/index.php?rest_route=%2Fwp%2Fv2%2Ftags&post=144572"}],"curies":[{"name":"wp","href":"https:\/\/api.w.org\/{rel}","templated":true}]}}