{"id":144581,"date":"2026-09-02T11:38:36","date_gmt":"2026-09-02T18:38:36","guid":{"rendered":"https:\/\/plataformanoticias.mx\/?p=144581"},"modified":"2026-09-02T11:38:36","modified_gmt":"2026-09-02T18:38:36","slug":"desbordamiento-del-rio-choix-mantiene-corriente-con-volumen-y-fuerza-considerable","status":"publish","type":"post","link":"https:\/\/plataformanoticias.mx\/?p=144581","title":{"rendered":"Desbordamiento del r\u00edo Choix mantiene corriente con volumen y fuerza considerable"},"content":{"rendered":"<p>Alertan a comunidades de la zona baja de la presa Huites y piden no cruzar vados<\/p>\n<p><strong>Choix, Sinaloa.<\/strong>&#8211; Hoy mi\u00e9rcoles 2 de septiembre, el r\u00edo Choix amaneci\u00f3 completamente desbordado y Protecci\u00f3n Civil mantiene la alerta m\u00e1xima en la zona serrana.<\/p>\n<p>El cruce que comunica a comunidades en la parte baja de la presa Huites est\u00e1 totalmente rebasado y sin condiciones para cruzar. Las autoridades piden de forma urgente no arriesgarse.<\/p>\n<p>&#8220;En la parte baja de la presa hay un cruce de r\u00edo de una comunidad a otra y ahorita el r\u00edo est\u00e1 completamente rebasado en su totalidad. Le pedimos a la gente que no lo haga&#8221;<\/p>\n<p>De acuerdo al \u00faltimo reporte oficial de esta ma\u00f1ana, el trasvase de agua de la presa Huites continuar\u00e1 hasta el viernes 5 de septiembre, por lo que el nivel del r\u00edo seguir\u00e1 elevado y peligroso.<\/p>\n<p>Adem\u00e1s, las lluvias de las \u00faltimas horas provocaron un *deslave de cerro que tiene bloqueada la carretera entre Baymena y Yecorato.<\/p>\n<p>El pron\u00f3stico para las pr\u00f3ximas horas no es alentador: para este 3 y 4 de septiembre se esperan lluvias fuertes a intensas de 75 a 150 mil\u00edmetros* en el norte de Sinaloa, lo que puede provocar nuevas crecidas de arroyos.<\/p>\n<p>Hasta este mi\u00e9rcoles, el r\u00edo Choix mantiene un nivel considerable y su corriente sigue hasta la presa Miguel Hidalgo en El Fuerte, por lo que la vigilancia es en toda la cuenca.<\/p>\n","protected":false},"excerpt":{"rendered":"<p>Alertan a comunidades de la zona baja de la presa Huites y piden no cruzar vados Choix, Sinaloa.&#8211; Hoy mi\u00e9rcoles 2 de septiembre, el r\u00edo Choix amaneci\u00f3 completamente desbordado y Protecci\u00f3n Civil mantiene la alerta m\u00e1xima en la zona serrana. El cruce que comunica a comunidades en la parte baja de la presa Huites est\u00e1<\/p>\n","protected":false},"author":6,"featured_media":144583,"comment_status":"closed","ping_status":"closed","sticky":false,"template":"","format":"standard","meta":{"footnotes":""},"categories":[27],"tags":[],"class_list":["post-144581","post","type-post","status-publish","format-standard","has-post-thumbnail","hentry","category-norte"],"_links":{"self":[{"href":"https:\/\/plataformanoticias.mx\/index.php?rest_route=\/wp\/v2\/posts\/144581","targetHints":{"allow":["GET"]}}],"collection":[{"href":"https:\/\/plataformanoticias.mx\/index.php?rest_route=\/wp\/v2\/posts"}],"about":[{"href":"https:\/\/plataformanoticias.mx\/index.php?rest_route=\/wp\/v2\/types\/post"}],"author":[{"embeddable":true,"href":"https:\/\/plataformanoticias.mx\/index.php?rest_route=\/wp\/v2\/users\/6"}],"replies":[{"embeddable":true,"href":"https:\/\/plataformanoticias.mx\/index.php?rest_route=%2Fwp%2Fv2%2Fcomments&post=144581"}],"version-history":[{"count":1,"href":"https:\/\/plataformanoticias.mx\/index.php?rest_route=\/wp\/v2\/posts\/144581\/revisions"}],"predecessor-version":[{"id":144584,"href":"https:\/\/plataformanoticias.mx\/index.php?rest_route=\/wp\/v2\/posts\/144581\/revisions\/144584"}],"wp:featuredmedia":[{"embeddable":true,"href":"https:\/\/plataformanoticias.mx\/index.php?rest_route=\/wp\/v2\/media\/144583"}],"wp:attachment":[{"href":"https:\/\/plataformanoticias.mx\/index.php?rest_route=%2Fwp%2Fv2%2Fmedia&parent=144581"}],"wp:term":[{"taxonomy":"category","embeddable":true,"href":"https:\/\/plataformanoticias.mx\/index.php?rest_route=%2Fwp%2Fv2%2Fcategories&post=144581"},{"taxonomy":"post_tag","embeddable":true,"href":"https:\/\/plataformanoticias.mx\/index.php?rest_route=%2Fwp%2Fv2%2Ftags&post=144581"}],"curies":[{"name":"wp","href":"https:\/\/api.w.org\/{rel}","templated":true}]}}