{"id":144594,"date":"2026-09-03T10:29:22","date_gmt":"2026-09-03T17:29:22","guid":{"rendered":"https:\/\/plataformanoticias.mx\/?p=144594"},"modified":"2026-09-03T10:29:22","modified_gmt":"2026-09-03T17:29:22","slug":"saber-que-hacer-puede-salvar-tu-vida-llega-a-los-mochis-la-fiesta-del-siglo","status":"publish","type":"post","link":"https:\/\/plataformanoticias.mx\/?p=144594","title":{"rendered":"\u201cSaber qu\u00e9 hacer puede salvar tu vida\u201d: llega a Los Mochis La Fiesta del Siglo"},"content":{"rendered":"<p>&nbsp;<\/p>\n<p><strong>Los Mochis, Sinaloa.<\/strong>\u2013 Con un mensaje dirigido principalmente a adolescentes y padres de familia, el pr\u00f3ximo 21 de septiembre llegar\u00e1 a Los Mochis La Fiesta del Siglo, un show interactivo enfocado en la prevenci\u00f3n y en brindar herramientas para que los j\u00f3venes puedan estar m\u00e1s seguros al salir de fiesta.<\/p>\n<p>A trav\u00e9s de un mensaje en redes sociales, Rudy Tercero, creador de La Fiesta del Siglo, invit\u00f3 a las familias de Los Mochis a participar en esta experiencia, donde se abordar\u00e1n situaciones y riesgos a los que pueden enfrentarse los adolescentes durante una salida, as\u00ed como qu\u00e9 hacer para mantenerse seguros.<\/p>\n<p>\u201cSi tienen hijos o hijas adolescentes, esto les va a interesar\u201d, se\u00f1al\u00f3 Rudy Tercero, quien adelant\u00f3 que estar\u00e1n interactuando con los j\u00f3venes y compartiendo informaci\u00f3n que puede ayudarles a tomar mejores decisiones.<\/p>\n<p>El evento se realizar\u00e1 en el Country Club de Los Mochis, con tres horarios:<\/p>\n<p>\ud83d\udfe2 Secundaria: 4:00 de la tarde<br \/>\n\ud83d\udfe3 Preparatoria: 6:30 de la tarde<br \/>\n\ud83d\udd35 Padres de familia: 8:30 de la noche<\/p>\n<p>El costo del boleto es de 350 pesos y parte de lo recaudado ser\u00e1 destinado en beneficio de Casa Hogar Santa Eduwiges.<\/p>\n<p>\ud83d\udcf2 Informes y boletos: <a href=\"tel:668%20136%200563\">668 136 0563<\/a><br \/>\n\ud83d\udcf8 Instagram: LFC_oficial<\/p>\n<p>Una experiencia de prevenci\u00f3n que busca que los j\u00f3venes sepan c\u00f3mo actuar antes, durante y despu\u00e9s de una noche de fiesta.<\/p>\n","protected":false},"excerpt":{"rendered":"<p>&nbsp; Los Mochis, Sinaloa.\u2013 Con un mensaje dirigido principalmente a adolescentes y padres de familia, el pr\u00f3ximo 21 de septiembre llegar\u00e1 a Los Mochis La Fiesta del Siglo, un show interactivo enfocado en la prevenci\u00f3n y en brindar herramientas para que los j\u00f3venes puedan estar m\u00e1s seguros al salir de fiesta. A trav\u00e9s de un<\/p>\n","protected":false},"author":6,"featured_media":144596,"comment_status":"closed","ping_status":"closed","sticky":false,"template":"","format":"standard","meta":{"footnotes":""},"categories":[38],"tags":[],"class_list":["post-144594","post","type-post","status-publish","format-standard","has-post-thumbnail","hentry","category-locales"],"_links":{"self":[{"href":"https:\/\/plataformanoticias.mx\/index.php?rest_route=\/wp\/v2\/posts\/144594","targetHints":{"allow":["GET"]}}],"collection":[{"href":"https:\/\/plataformanoticias.mx\/index.php?rest_route=\/wp\/v2\/posts"}],"about":[{"href":"https:\/\/plataformanoticias.mx\/index.php?rest_route=\/wp\/v2\/types\/post"}],"author":[{"embeddable":true,"href":"https:\/\/plataformanoticias.mx\/index.php?rest_route=\/wp\/v2\/users\/6"}],"replies":[{"embeddable":true,"href":"https:\/\/plataformanoticias.mx\/index.php?rest_route=%2Fwp%2Fv2%2Fcomments&post=144594"}],"version-history":[{"count":1,"href":"https:\/\/plataformanoticias.mx\/index.php?rest_route=\/wp\/v2\/posts\/144594\/revisions"}],"predecessor-version":[{"id":144597,"href":"https:\/\/plataformanoticias.mx\/index.php?rest_route=\/wp\/v2\/posts\/144594\/revisions\/144597"}],"wp:featuredmedia":[{"embeddable":true,"href":"https:\/\/plataformanoticias.mx\/index.php?rest_route=\/wp\/v2\/media\/144596"}],"wp:attachment":[{"href":"https:\/\/plataformanoticias.mx\/index.php?rest_route=%2Fwp%2Fv2%2Fmedia&parent=144594"}],"wp:term":[{"taxonomy":"category","embeddable":true,"href":"https:\/\/plataformanoticias.mx\/index.php?rest_route=%2Fwp%2Fv2%2Fcategories&post=144594"},{"taxonomy":"post_tag","embeddable":true,"href":"https:\/\/plataformanoticias.mx\/index.php?rest_route=%2Fwp%2Fv2%2Ftags&post=144594"}],"curies":[{"name":"wp","href":"https:\/\/api.w.org\/{rel}","templated":true}]}}