{"id":144608,"date":"2026-09-03T15:08:26","date_gmt":"2026-09-03T22:08:26","guid":{"rendered":"https:\/\/plataformanoticias.mx\/?p=144608"},"modified":"2026-09-03T15:08:26","modified_gmt":"2026-09-03T22:08:26","slug":"la-presidenta-claudia-sheinbaum-confirma-visita-oficial-a-sinaloa-y-un-encuentro-con-la-gobernadora-graciela-dominguez","status":"publish","type":"post","link":"https:\/\/plataformanoticias.mx\/?p=144608","title":{"rendered":"La Presidenta Claudia Sheinbaum confirma visita oficial a Sinaloa y un encuentro con la Gobernadora Graciela Dom\u00ednguez"},"content":{"rendered":"<p>&nbsp;<\/p>\n<p>Ademas, el gabinete de seguridad federal acudir\u00e1 a la entidad como parte de sus reuniones peri\u00f3dicas, destac\u00f3.<\/p>\n<p>&nbsp;<\/p>\n<p><strong>Culiac\u00e1n, Sinaloa.\u2013 E<\/strong>n el marco de la gira nacional por la presentaci\u00f3n de su Segundo Informe de Gobierno, la Presidenta Claudia Sheinbaum Pardo anunci\u00f3 este jueves durante su Conferencia Ma\u00f1anera que el pr\u00f3ximo 20 de septiembre visitar\u00e1 Sinaloa, destacando que aprovechar\u00e1 la ocasi\u00f3n para sostener un encuentro y dialogar con la Gobernadora Graciela Dom\u00ednguez Nava.<\/p>\n<p>\u201cNos toca ir ahora en las giras a Sinaloa. \u00bfQue d\u00eda vamos a ir? El 20 de septiembre vamos a ir a Sinaloa y ah\u00ed pues tendr\u00eda oportunidad de platicar con ella\u201d, se\u00f1al\u00f3, agregando que adem\u00e1s, el estado recibir\u00e1 la visita del gabinete de seguridad, como parte de las acciones de coordinaci\u00f3n plena con las autoridades estatales para garantizar la paz y la estabilidad en la entidad.<\/p>\n<p>\u201cVa a ir el gabinete de seguridad pronto a Sinaloa, no recuerdo exactamente el d\u00eda, van a ir ellos a reuniones peri\u00f3dicas que tienen para atender la seguridad de Sinaloa\u201d, explic\u00f3.<\/p>\n<p>La Presidenta Claudia Sheinbaum iniciar\u00e1 a partir del d\u00eda de hoy su gira nacional por los diferentes estados, durante la cual se prev\u00e9 el desarrollo de actividades institucionales y reuniones de trabajo, mismas que en el caso de Sinaloa se dar\u00e1n a conocer en su momento.<\/p>\n","protected":false},"excerpt":{"rendered":"<p>&nbsp; Ademas, el gabinete de seguridad federal acudir\u00e1 a la entidad como parte de sus reuniones peri\u00f3dicas, destac\u00f3. &nbsp; Culiac\u00e1n, Sinaloa.\u2013 En el marco de la gira nacional por la presentaci\u00f3n de su Segundo Informe de Gobierno, la Presidenta Claudia Sheinbaum Pardo anunci\u00f3 este jueves durante su Conferencia Ma\u00f1anera que el pr\u00f3ximo 20 de septiembre<\/p>\n","protected":false},"author":6,"featured_media":144610,"comment_status":"closed","ping_status":"closed","sticky":false,"template":"","format":"standard","meta":{"footnotes":""},"categories":[28],"tags":[],"class_list":["post-144608","post","type-post","status-publish","format-standard","has-post-thumbnail","hentry","category-centro"],"_links":{"self":[{"href":"https:\/\/plataformanoticias.mx\/index.php?rest_route=\/wp\/v2\/posts\/144608","targetHints":{"allow":["GET"]}}],"collection":[{"href":"https:\/\/plataformanoticias.mx\/index.php?rest_route=\/wp\/v2\/posts"}],"about":[{"href":"https:\/\/plataformanoticias.mx\/index.php?rest_route=\/wp\/v2\/types\/post"}],"author":[{"embeddable":true,"href":"https:\/\/plataformanoticias.mx\/index.php?rest_route=\/wp\/v2\/users\/6"}],"replies":[{"embeddable":true,"href":"https:\/\/plataformanoticias.mx\/index.php?rest_route=%2Fwp%2Fv2%2Fcomments&post=144608"}],"version-history":[{"count":1,"href":"https:\/\/plataformanoticias.mx\/index.php?rest_route=\/wp\/v2\/posts\/144608\/revisions"}],"predecessor-version":[{"id":144611,"href":"https:\/\/plataformanoticias.mx\/index.php?rest_route=\/wp\/v2\/posts\/144608\/revisions\/144611"}],"wp:featuredmedia":[{"embeddable":true,"href":"https:\/\/plataformanoticias.mx\/index.php?rest_route=\/wp\/v2\/media\/144610"}],"wp:attachment":[{"href":"https:\/\/plataformanoticias.mx\/index.php?rest_route=%2Fwp%2Fv2%2Fmedia&parent=144608"}],"wp:term":[{"taxonomy":"category","embeddable":true,"href":"https:\/\/plataformanoticias.mx\/index.php?rest_route=%2Fwp%2Fv2%2Fcategories&post=144608"},{"taxonomy":"post_tag","embeddable":true,"href":"https:\/\/plataformanoticias.mx\/index.php?rest_route=%2Fwp%2Fv2%2Ftags&post=144608"}],"curies":[{"name":"wp","href":"https:\/\/api.w.org\/{rel}","templated":true}]}}