{"id":144613,"date":"2026-09-03T15:20:14","date_gmt":"2026-09-03T22:20:14","guid":{"rendered":"https:\/\/plataformanoticias.mx\/?p=144613"},"modified":"2026-09-03T15:20:14","modified_gmt":"2026-09-03T22:20:14","slug":"ayuntamiento-de-juan-jose-rios-prepara-protocolo-de-seguridad-y-ceremonia-del-grito-de-independencia","status":"publish","type":"post","link":"https:\/\/plataformanoticias.mx\/?p=144613","title":{"rendered":"Ayuntamiento de Juan Jos\u00e9 R\u00edos prepara protocolo de seguridad y ceremonia del Grito de Independencia."},"content":{"rendered":"<p><img loading=\"lazy\" decoding=\"async\" class=\"alignnone size-medium wp-image-144615\" src=\"https:\/\/plataformanoticias.mx\/wp-content\/uploads\/2026\/09\/6ca40c1f-a19e-40a2-9e64-d5b82cc2b027-300x200.jpeg\" alt=\"\" width=\"300\" height=\"200\" srcset=\"https:\/\/plataformanoticias.mx\/wp-content\/uploads\/2026\/09\/6ca40c1f-a19e-40a2-9e64-d5b82cc2b027-300x200.jpeg 300w, https:\/\/plataformanoticias.mx\/wp-content\/uploads\/2026\/09\/6ca40c1f-a19e-40a2-9e64-d5b82cc2b027-1024x684.jpeg 1024w, https:\/\/plataformanoticias.mx\/wp-content\/uploads\/2026\/09\/6ca40c1f-a19e-40a2-9e64-d5b82cc2b027-768x513.jpeg 768w, https:\/\/plataformanoticias.mx\/wp-content\/uploads\/2026\/09\/6ca40c1f-a19e-40a2-9e64-d5b82cc2b027-1536x1025.jpeg 1536w, https:\/\/plataformanoticias.mx\/wp-content\/uploads\/2026\/09\/6ca40c1f-a19e-40a2-9e64-d5b82cc2b027.jpeg 1600w\" sizes=\"auto, (max-width: 300px) 100vw, 300px\" \/><\/p>\n<p><strong>Juan Jos\u00e9 R\u00edos, Sinaloa.<\/strong>&#8211; El Ayuntamiento encabezado por la alcaldesa Evangelina Llanes Carre\u00f3n a trav\u00e9s de la Direcci\u00f3n de Educaci\u00f3n realizaron una reuni\u00f3n de trabajo con la Direcci\u00f3n Gral. de Seguridad Ciudadana y Movilidad Sustentable, Cruz Roja, Protecci\u00f3n Civil, Bomberos y V\u00eda P\u00fablica para afinar los preparativos de la ceremonia y conmemoraci\u00f3n del Grito de Independencia del pr\u00f3ximo 15 de septiembre.<\/p>\n<p>Durante la reuni\u00f3n se acordaron las acciones de log\u00edstica, seguridad y protocolo para que las familias disfruten de una noche mexicana segura y ordenada con todas las medidas de prevenci\u00f3n necesarias.<\/p>\n<p>Tambi\u00e9n se inform\u00f3 que en pr\u00f3ximos d\u00edas se dar\u00e1 a conocer el programa oficial que incluir\u00e1 el acto c\u00edvico, el tradicional Grito de Independencia y un programa art\u00edstico-cultural para todas y todos.<\/p>\n","protected":false},"excerpt":{"rendered":"<p>Juan Jos\u00e9 R\u00edos, Sinaloa.&#8211; El Ayuntamiento encabezado por la alcaldesa Evangelina Llanes Carre\u00f3n a trav\u00e9s de la Direcci\u00f3n de Educaci\u00f3n realizaron una reuni\u00f3n de trabajo con la Direcci\u00f3n Gral. de Seguridad Ciudadana y Movilidad Sustentable, Cruz Roja, Protecci\u00f3n Civil, Bomberos y V\u00eda P\u00fablica para afinar los preparativos de la ceremonia y conmemoraci\u00f3n del Grito de<\/p>\n","protected":false},"author":6,"featured_media":144616,"comment_status":"closed","ping_status":"closed","sticky":false,"template":"","format":"standard","meta":{"footnotes":""},"categories":[27],"tags":[],"class_list":["post-144613","post","type-post","status-publish","format-standard","has-post-thumbnail","hentry","category-norte"],"_links":{"self":[{"href":"https:\/\/plataformanoticias.mx\/index.php?rest_route=\/wp\/v2\/posts\/144613","targetHints":{"allow":["GET"]}}],"collection":[{"href":"https:\/\/plataformanoticias.mx\/index.php?rest_route=\/wp\/v2\/posts"}],"about":[{"href":"https:\/\/plataformanoticias.mx\/index.php?rest_route=\/wp\/v2\/types\/post"}],"author":[{"embeddable":true,"href":"https:\/\/plataformanoticias.mx\/index.php?rest_route=\/wp\/v2\/users\/6"}],"replies":[{"embeddable":true,"href":"https:\/\/plataformanoticias.mx\/index.php?rest_route=%2Fwp%2Fv2%2Fcomments&post=144613"}],"version-history":[{"count":1,"href":"https:\/\/plataformanoticias.mx\/index.php?rest_route=\/wp\/v2\/posts\/144613\/revisions"}],"predecessor-version":[{"id":144617,"href":"https:\/\/plataformanoticias.mx\/index.php?rest_route=\/wp\/v2\/posts\/144613\/revisions\/144617"}],"wp:featuredmedia":[{"embeddable":true,"href":"https:\/\/plataformanoticias.mx\/index.php?rest_route=\/wp\/v2\/media\/144616"}],"wp:attachment":[{"href":"https:\/\/plataformanoticias.mx\/index.php?rest_route=%2Fwp%2Fv2%2Fmedia&parent=144613"}],"wp:term":[{"taxonomy":"category","embeddable":true,"href":"https:\/\/plataformanoticias.mx\/index.php?rest_route=%2Fwp%2Fv2%2Fcategories&post=144613"},{"taxonomy":"post_tag","embeddable":true,"href":"https:\/\/plataformanoticias.mx\/index.php?rest_route=%2Fwp%2Fv2%2Ftags&post=144613"}],"curies":[{"name":"wp","href":"https:\/\/api.w.org\/{rel}","templated":true}]}}