{"id":144618,"date":"2026-09-03T15:22:04","date_gmt":"2026-09-03T22:22:04","guid":{"rendered":"https:\/\/plataformanoticias.mx\/?p=144618"},"modified":"2026-09-03T15:22:04","modified_gmt":"2026-09-03T22:22:04","slug":"dif-municipal-entrega-apoyos-del-programa-de-emergencia-en-comunidades-de-juan-jose-rios","status":"publish","type":"post","link":"https:\/\/plataformanoticias.mx\/?p=144618","title":{"rendered":"DIF Municipal entrega apoyos del Programa de Emergencia en comunidades de Juan Jos\u00e9 R\u00edos"},"content":{"rendered":"<p><img loading=\"lazy\" decoding=\"async\" class=\"alignnone size-medium wp-image-144621 aligncenter\" src=\"https:\/\/plataformanoticias.mx\/wp-content\/uploads\/2026\/09\/03cda842-623c-4665-9a70-13f8f285ff41-300x225.jpeg\" alt=\"\" width=\"300\" height=\"225\" srcset=\"https:\/\/plataformanoticias.mx\/wp-content\/uploads\/2026\/09\/03cda842-623c-4665-9a70-13f8f285ff41-300x225.jpeg 300w, https:\/\/plataformanoticias.mx\/wp-content\/uploads\/2026\/09\/03cda842-623c-4665-9a70-13f8f285ff41-1024x768.jpeg 1024w, https:\/\/plataformanoticias.mx\/wp-content\/uploads\/2026\/09\/03cda842-623c-4665-9a70-13f8f285ff41-768x576.jpeg 768w, https:\/\/plataformanoticias.mx\/wp-content\/uploads\/2026\/09\/03cda842-623c-4665-9a70-13f8f285ff41-1536x1152.jpeg 1536w, https:\/\/plataformanoticias.mx\/wp-content\/uploads\/2026\/09\/03cda842-623c-4665-9a70-13f8f285ff41.jpeg 1600w\" sizes=\"auto, (max-width: 300px) 100vw, 300px\" \/><\/p>\n<p><strong>Juan Jos\u00e9 R\u00edos, Sinaloa.- G<\/strong>racias al apoyo y las gestiones realizadas por la alcaldesa Evangelina Llanes Carre\u00f3n, familias de las comunidades de Luis Echeverr\u00eda y Campo 38, Canal Alto, fueron beneficiadas con apoyos del Programa de Emergencia, correspondientes a DIF Sinaloa.<\/p>\n<p>El presidente del Sistema DIF Municipal, Gabriel Rojo Llanes, y la directora, Rosal\u00eda S\u00e1nchez \u00c1lvarez, encabezaron la entrega de estos apoyos, acerc\u00e1ndolos directamente a las familias beneficiarias y atendiendo las necesidades de las comunidades.<\/p>\n<p>Con el respaldo de Sistema DIF Sinaloa y las gestiones realizadas desde el Gobierno Municipal, se contin\u00faa fortaleciendo la atenci\u00f3n social y acercando apoyos a las familias de Juan Jos\u00e9 R\u00edos.<\/p>\n","protected":false},"excerpt":{"rendered":"<p>Juan Jos\u00e9 R\u00edos, Sinaloa.- Gracias al apoyo y las gestiones realizadas por la alcaldesa Evangelina Llanes Carre\u00f3n, familias de las comunidades de Luis Echeverr\u00eda y Campo 38, Canal Alto, fueron beneficiadas con apoyos del Programa de Emergencia, correspondientes a DIF Sinaloa. El presidente del Sistema DIF Municipal, Gabriel Rojo Llanes, y la directora, Rosal\u00eda S\u00e1nchez<\/p>\n","protected":false},"author":6,"featured_media":144622,"comment_status":"closed","ping_status":"closed","sticky":false,"template":"","format":"standard","meta":{"footnotes":""},"categories":[27],"tags":[],"class_list":["post-144618","post","type-post","status-publish","format-standard","has-post-thumbnail","hentry","category-norte"],"_links":{"self":[{"href":"https:\/\/plataformanoticias.mx\/index.php?rest_route=\/wp\/v2\/posts\/144618","targetHints":{"allow":["GET"]}}],"collection":[{"href":"https:\/\/plataformanoticias.mx\/index.php?rest_route=\/wp\/v2\/posts"}],"about":[{"href":"https:\/\/plataformanoticias.mx\/index.php?rest_route=\/wp\/v2\/types\/post"}],"author":[{"embeddable":true,"href":"https:\/\/plataformanoticias.mx\/index.php?rest_route=\/wp\/v2\/users\/6"}],"replies":[{"embeddable":true,"href":"https:\/\/plataformanoticias.mx\/index.php?rest_route=%2Fwp%2Fv2%2Fcomments&post=144618"}],"version-history":[{"count":1,"href":"https:\/\/plataformanoticias.mx\/index.php?rest_route=\/wp\/v2\/posts\/144618\/revisions"}],"predecessor-version":[{"id":144623,"href":"https:\/\/plataformanoticias.mx\/index.php?rest_route=\/wp\/v2\/posts\/144618\/revisions\/144623"}],"wp:featuredmedia":[{"embeddable":true,"href":"https:\/\/plataformanoticias.mx\/index.php?rest_route=\/wp\/v2\/media\/144622"}],"wp:attachment":[{"href":"https:\/\/plataformanoticias.mx\/index.php?rest_route=%2Fwp%2Fv2%2Fmedia&parent=144618"}],"wp:term":[{"taxonomy":"category","embeddable":true,"href":"https:\/\/plataformanoticias.mx\/index.php?rest_route=%2Fwp%2Fv2%2Fcategories&post=144618"},{"taxonomy":"post_tag","embeddable":true,"href":"https:\/\/plataformanoticias.mx\/index.php?rest_route=%2Fwp%2Fv2%2Ftags&post=144618"}],"curies":[{"name":"wp","href":"https:\/\/api.w.org\/{rel}","templated":true}]}}