{"id":144624,"date":"2026-09-03T15:23:46","date_gmt":"2026-09-03T22:23:46","guid":{"rendered":"https:\/\/plataformanoticias.mx\/?p=144624"},"modified":"2026-09-03T15:23:46","modified_gmt":"2026-09-03T22:23:46","slug":"inician-recorridos-preventivos-para-garantizar-el-libre-transito-peatonal-y-mantener-espacios-limpios","status":"publish","type":"post","link":"https:\/\/plataformanoticias.mx\/?p=144624","title":{"rendered":"Inician recorridos preventivos para garantizar el libre tr\u00e1nsito peatonal y mantener espacios limpios"},"content":{"rendered":"<p>&nbsp;<\/p>\n<p><strong>Juan Jos\u00e9 R\u00edos, Sinaloa.-<\/strong> Con el objetivo de contribuir al libre tr\u00e1nsito peatonal y al orden en los espacios p\u00fablicos, la Direcci\u00f3n General de Seguridad Ciudadana y Movilidad Sustentable, en coordinaci\u00f3n con la Direcci\u00f3n General de Ecolog\u00eda y Sustentabilidad Ambiental, puso en marcha recorridos preventivos en diferentes comunidades del municipio, iniciando en la sindicatura de Bachoco.<\/p>\n<p>En estas labores participa la Unidad Ambiental, llevando a cabo recorridos de supervisi\u00f3n y prevenci\u00f3n para identificar posibles obstrucciones en banquetas y \u00e1reas destinadas al tr\u00e1nsito peatonal, buscando generar condiciones adecuadas para la movilidad de las y los ciudadanos.<\/p>\n<p>El director de Movilidad Sustentable, Luis Guadalupe Valdez Beltr\u00e1n, y el director general de Ecolog\u00eda y Sustentabilidad Ambiental, Milton Ram\u00f3n Flores Herrera, encabezaron estos trabajos coordinados, con la finalidad de atender de manera preventiva las situaciones que puedan limitar el libre tr\u00e1nsito y contribuir al orden y cuidado de los espacios p\u00fablicos.<\/p>\n","protected":false},"excerpt":{"rendered":"<p>&nbsp; Juan Jos\u00e9 R\u00edos, Sinaloa.- Con el objetivo de contribuir al libre tr\u00e1nsito peatonal y al orden en los espacios p\u00fablicos, la Direcci\u00f3n General de Seguridad Ciudadana y Movilidad Sustentable, en coordinaci\u00f3n con la Direcci\u00f3n General de Ecolog\u00eda y Sustentabilidad Ambiental, puso en marcha recorridos preventivos en diferentes comunidades del municipio, iniciando en la sindicatura<\/p>\n","protected":false},"author":6,"featured_media":144627,"comment_status":"closed","ping_status":"closed","sticky":false,"template":"","format":"standard","meta":{"footnotes":""},"categories":[27],"tags":[],"class_list":["post-144624","post","type-post","status-publish","format-standard","has-post-thumbnail","hentry","category-norte"],"_links":{"self":[{"href":"https:\/\/plataformanoticias.mx\/index.php?rest_route=\/wp\/v2\/posts\/144624","targetHints":{"allow":["GET"]}}],"collection":[{"href":"https:\/\/plataformanoticias.mx\/index.php?rest_route=\/wp\/v2\/posts"}],"about":[{"href":"https:\/\/plataformanoticias.mx\/index.php?rest_route=\/wp\/v2\/types\/post"}],"author":[{"embeddable":true,"href":"https:\/\/plataformanoticias.mx\/index.php?rest_route=\/wp\/v2\/users\/6"}],"replies":[{"embeddable":true,"href":"https:\/\/plataformanoticias.mx\/index.php?rest_route=%2Fwp%2Fv2%2Fcomments&post=144624"}],"version-history":[{"count":1,"href":"https:\/\/plataformanoticias.mx\/index.php?rest_route=\/wp\/v2\/posts\/144624\/revisions"}],"predecessor-version":[{"id":144628,"href":"https:\/\/plataformanoticias.mx\/index.php?rest_route=\/wp\/v2\/posts\/144624\/revisions\/144628"}],"wp:featuredmedia":[{"embeddable":true,"href":"https:\/\/plataformanoticias.mx\/index.php?rest_route=\/wp\/v2\/media\/144627"}],"wp:attachment":[{"href":"https:\/\/plataformanoticias.mx\/index.php?rest_route=%2Fwp%2Fv2%2Fmedia&parent=144624"}],"wp:term":[{"taxonomy":"category","embeddable":true,"href":"https:\/\/plataformanoticias.mx\/index.php?rest_route=%2Fwp%2Fv2%2Fcategories&post=144624"},{"taxonomy":"post_tag","embeddable":true,"href":"https:\/\/plataformanoticias.mx\/index.php?rest_route=%2Fwp%2Fv2%2Ftags&post=144624"}],"curies":[{"name":"wp","href":"https:\/\/api.w.org\/{rel}","templated":true}]}}