{"id":144629,"date":"2026-09-03T15:32:29","date_gmt":"2026-09-03T22:32:29","guid":{"rendered":"https:\/\/plataformanoticias.mx\/?p=144629"},"modified":"2026-09-03T15:32:29","modified_gmt":"2026-09-03T22:32:29","slug":"alumnos-de-criminalistica-de-la-uadeo-aprenden-sobre-hechos-de-transito-y-sus-consecuencias-juridicas","status":"publish","type":"post","link":"https:\/\/plataformanoticias.mx\/?p=144629","title":{"rendered":"Alumnos de Criminal\u00edstica de la UAdeO aprenden sobre Hechos de Tr\u00e1nsito y sus Consecuencias Jur\u00eddicas"},"content":{"rendered":"<p>La Direcci\u00f3n de Tr\u00e1nsito de la SSYPC de Ahome, imparti\u00f3 est\u00e1 ma\u00f1ana de jueves 3 de septiembre de 2026, la conferencia Hechos de Tr\u00e1nsito, sus Consecuencias Jur\u00eddicas y Ley de Movilidad Sustentable de Sinaloa, a los alumnos de la carrera de Criminal\u00edstica y Ciencias Periciales de la Universidad Aut\u00f3noma de Occidente (UAdeO), Unidad Regional Los Mochis.<\/p>\n<p>Lo anterior, en el marco del D\u00eda de la Criminal\u00edstica 2026, llevando como sede la Sala Audiovisual de la instituci\u00f3n, a donde tambi\u00e9n se dieron cita directivos y profesores.<\/p>\n<p>El Lic. \u00c1lvaro Apodaca Ruiz, agente del departamento de Educaci\u00f3n Vial de Tr\u00e1nsito, explic\u00f3 a los asistentes lo que son los impactos viales (choques) que protagonizan los usuarios de la v\u00eda p\u00fablica, cuando conducen los distintos tipos de veh\u00edculos, as\u00ed como los atropellamientos de personas.<\/p>\n<p>\u201cEn un accidente, el 90 por ciento de las causas son atribuibles al factor humano, porque que conducen desvelados, bajo los efectos del alcohol, drogas, estr\u00e9s, o portando objetos en sus manos, lo que disminuye su capacidad de concentraci\u00f3n. Mientras que el 10 por ciento restante, se debe a los factores externos (medio ambiente, los mec\u00e1nicos y las condiciones del camino)\u201d.<\/p>\n<p>Tambi\u00e9n se analizaron temas como los indicios de un hecho de tr\u00e1nsito, clasificaci\u00f3n de los indicios, primer respondiente, las consecuencias penales para quien destruye una cadena de custodia y los art\u00edculos b\u00e1sicos de la Ley de Movilidad Sustentable de Sinaloa.<\/p>\n<p>Al final, alumnos y maestros realizaron sus preguntas al ponente, quien respondi\u00f3 puntualmente cada una de ellas, disipando las dudas sobre los temas expuestos.<\/p>\n","protected":false},"excerpt":{"rendered":"<p>La Direcci\u00f3n de Tr\u00e1nsito de la SSYPC de Ahome, imparti\u00f3 est\u00e1 ma\u00f1ana de jueves 3 de septiembre de 2026, la conferencia Hechos de Tr\u00e1nsito, sus Consecuencias Jur\u00eddicas y Ley de Movilidad Sustentable de Sinaloa, a los alumnos de la carrera de Criminal\u00edstica y Ciencias Periciales de la Universidad Aut\u00f3noma de Occidente (UAdeO), Unidad Regional Los<\/p>\n","protected":false},"author":6,"featured_media":144632,"comment_status":"closed","ping_status":"closed","sticky":false,"template":"","format":"standard","meta":{"footnotes":""},"categories":[38],"tags":[],"class_list":["post-144629","post","type-post","status-publish","format-standard","has-post-thumbnail","hentry","category-locales"],"_links":{"self":[{"href":"https:\/\/plataformanoticias.mx\/index.php?rest_route=\/wp\/v2\/posts\/144629","targetHints":{"allow":["GET"]}}],"collection":[{"href":"https:\/\/plataformanoticias.mx\/index.php?rest_route=\/wp\/v2\/posts"}],"about":[{"href":"https:\/\/plataformanoticias.mx\/index.php?rest_route=\/wp\/v2\/types\/post"}],"author":[{"embeddable":true,"href":"https:\/\/plataformanoticias.mx\/index.php?rest_route=\/wp\/v2\/users\/6"}],"replies":[{"embeddable":true,"href":"https:\/\/plataformanoticias.mx\/index.php?rest_route=%2Fwp%2Fv2%2Fcomments&post=144629"}],"version-history":[{"count":1,"href":"https:\/\/plataformanoticias.mx\/index.php?rest_route=\/wp\/v2\/posts\/144629\/revisions"}],"predecessor-version":[{"id":144633,"href":"https:\/\/plataformanoticias.mx\/index.php?rest_route=\/wp\/v2\/posts\/144629\/revisions\/144633"}],"wp:featuredmedia":[{"embeddable":true,"href":"https:\/\/plataformanoticias.mx\/index.php?rest_route=\/wp\/v2\/media\/144632"}],"wp:attachment":[{"href":"https:\/\/plataformanoticias.mx\/index.php?rest_route=%2Fwp%2Fv2%2Fmedia&parent=144629"}],"wp:term":[{"taxonomy":"category","embeddable":true,"href":"https:\/\/plataformanoticias.mx\/index.php?rest_route=%2Fwp%2Fv2%2Fcategories&post=144629"},{"taxonomy":"post_tag","embeddable":true,"href":"https:\/\/plataformanoticias.mx\/index.php?rest_route=%2Fwp%2Fv2%2Ftags&post=144629"}],"curies":[{"name":"wp","href":"https:\/\/api.w.org\/{rel}","templated":true}]}}