{"id":144634,"date":"2026-09-03T15:45:51","date_gmt":"2026-09-03T22:45:51","guid":{"rendered":"https:\/\/plataformanoticias.mx\/?p=144634"},"modified":"2026-09-03T15:45:51","modified_gmt":"2026-09-03T22:45:51","slug":"el-teatro-ingenio-no-cerrara-sus-puertas-el-ayuntamiento-recibira-la-administracion-y-operacion-del-inmueble","status":"publish","type":"post","link":"https:\/\/plataformanoticias.mx\/?p=144634","title":{"rendered":"El Teatro Ingenio no cerrar\u00e1 sus puertas; el Ayuntamiento recibir\u00e1 la administraci\u00f3n y operaci\u00f3n del inmueble."},"content":{"rendered":"<p class=\"s8\"><span class=\"s7\">As\u00ed lo confirm\u00f3 el Alcalde Antonio Men\u00e9ndez De Llano Berm\u00fadez, quien asegur\u00f3 que ya se inici\u00f3 el proceso de entrega recepci\u00f3n para reabrir a la mayor brevedad dicho inmueble para el beneficio de toda la comunidad\u2026 <\/span><\/p>\n<p class=\"s8\" style=\"text-align: center\"><span class=\"s7\"><img loading=\"lazy\" decoding=\"async\" class=\"alignnone size-medium wp-image-144637\" src=\"https:\/\/plataformanoticias.mx\/wp-content\/uploads\/2026\/09\/c2e479e8-a901-47b7-b670-0be2d8e4107f-200x300.jpeg\" alt=\"\" width=\"200\" height=\"300\" srcset=\"https:\/\/plataformanoticias.mx\/wp-content\/uploads\/2026\/09\/c2e479e8-a901-47b7-b670-0be2d8e4107f-200x300.jpeg 200w, https:\/\/plataformanoticias.mx\/wp-content\/uploads\/2026\/09\/c2e479e8-a901-47b7-b670-0be2d8e4107f-683x1024.jpeg 683w, https:\/\/plataformanoticias.mx\/wp-content\/uploads\/2026\/09\/c2e479e8-a901-47b7-b670-0be2d8e4107f-768x1151.jpeg 768w, https:\/\/plataformanoticias.mx\/wp-content\/uploads\/2026\/09\/c2e479e8-a901-47b7-b670-0be2d8e4107f.jpeg 854w\" sizes=\"auto, (max-width: 200px) 100vw, 200px\" \/><\/span><\/p>\n<p class=\"s8\"><strong><span class=\"s9\"><span class=\"bumpedFont15\">Los Mochis, <\/span><\/span><span class=\"s9\"><span class=\"bumpedFont15\">Ahome, <\/span><\/span><span class=\"s9\"><span class=\"bumpedFont15\">Sinaloa<\/span><\/span><\/strong><span class=\"s9\"><span class=\"bumpedFont15\"><strong>.<\/strong>&#8211; <\/span><\/span><span class=\"s10\"><span class=\"bumpedFont15\">El <\/span><\/span><span class=\"s10\"><span class=\"bumpedFont15\">Ayuntamiento de Ahome inici\u00f3 el proceso de entrega recepci\u00f3n del inmueble de Teatro Ingenio, y el Alcalde Antonio Men\u00e9ndez De Llano Berm\u00fadez, inform\u00f3 que se han designado a las oficinas de la Sindicatura de Procuraci\u00f3n, Asuntos Jur\u00eddicos y Presidencia Municipal, para que se encarguen del asunto, y se permita operar el inmueble a la mayor brevedad posible.<\/span><\/span><\/p>\n<p class=\"s8\"><span class=\"s10\"><span class=\"bumpedFont15\">Men\u00e9ndez De Llano detall\u00f3 que a la par del inicio de la entrega recepci\u00f3n del Teatro <\/span><\/span><span class=\"s10\"><span class=\"bumpedFont15\">Ingenio, se avanzar\u00e1 en los otros dos inmuebles como son el CIE \u00a0<\/span><\/span> <span class=\"s10\"><span class=\"bumpedFont15\">y Mueso Trapiche.<\/span><\/span><\/p>\n<p class=\"s8\"><span class=\"s10\"><span class=\"bumpedFont15\">\u201c<\/span><\/span><span class=\"s10\"><span class=\"bumpedFont15\">Recibimos un escrito en Presidencia <\/span><\/span><span class=\"s10\"><span class=\"bumpedFont15\">por parte del Patronato <\/span><\/span><span class=\"s10\"><span class=\"bumpedFont15\">para tomar la administraci\u00f3n del Teatro Ingenio, a\u00fan no sabemos en qu<\/span><\/span><span class=\"s10\"><span class=\"bumpedFont15\">\u00e9<\/span><\/span><span class=\"s10\"><span class=\"bumpedFont15\"> fecha se inicie, pero estamos buscando por v\u00eda del di\u00e1logo<\/span><\/span><span class=\"s10\"><span class=\"bumpedFont15\">, ya que n<\/span><\/span><span class=\"s10\"><span class=\"bumpedFont15\">o podemos perder lo bien que se haya hecho <\/span><\/span><span class=\"s10\"><span class=\"bumpedFont15\">y <\/span><\/span><span class=\"s10\"><span class=\"bumpedFont15\">toda la experiencia<\/span><\/span> <span class=\"s10\"><span class=\"bumpedFont15\">se debe aprovechar para que no exista una curva de aprendizaje <\/span><\/span><span class=\"s10\"><span class=\"bumpedFont15\">y <\/span><\/span><span class=\"s10\"><span class=\"bumpedFont15\">para que haya continuidad y pueda ser mejorable<\/span><\/span><span class=\"s10\"><span class=\"bumpedFont15\">\u201d, expres\u00f3 el Presidente Municipal.<\/span><\/span><\/p>\n<p class=\"s8\"><span class=\"s10\"><span class=\"bumpedFont15\">Detall\u00f3 que e<\/span><\/span><span class=\"s10\"><span class=\"bumpedFont15\">l Municipio adem\u00e1s de dar en comodato los bienes inmuebles <\/span><\/span><span class=\"s10\"><span class=\"bumpedFont15\">al Patronato <\/span><\/span><span class=\"s10\"><span class=\"bumpedFont15\">que<\/span><\/span><span class=\"s10\"><span class=\"bumpedFont15\"> los administraba<\/span><\/span><span class=\"s10\"><span class=\"bumpedFont15\"> se <\/span><\/span><span class=\"s10\"><span class=\"bumpedFont15\">otorga <\/span><\/span><span class=\"s10\"><span class=\"bumpedFont15\">el 4<\/span><\/span><span class=\"s10\"><span class=\"bumpedFont15\"> por ciento <\/span><\/span><span class=\"s10\"><span class=\"bumpedFont15\">del recurso econ\u00f3mico<\/span><\/span><span class=\"s10\"><span class=\"bumpedFont15\"> y se ha cumplido con ello.<\/span><\/span><\/p>\n<p class=\"s8\"><span class=\"s10\"><span class=\"bumpedFont15\">Abund\u00f3 que la instrucci\u00f3n es <\/span><\/span><span class=\"s10\"><span class=\"bumpedFont15\">ajustar<\/span><\/span><span class=\"s10\"><span class=\"bumpedFont15\">se<\/span><\/span><span class=\"s10\"><span class=\"bumpedFont15\"> a resolver con lo que se tenga<\/span><\/span><span class=\"s10\"><span class=\"bumpedFont15\">. \u201cQ<\/span><\/span><span class=\"s10\"><span class=\"bumpedFont15\">ue nadie tenga la me<\/span><\/span><span class=\"s10\"><span class=\"bumpedFont15\">n<\/span><\/span><span class=\"s10\"><span class=\"bumpedFont15\">or duda<\/span><\/span><span class=\"s10\"><span class=\"bumpedFont15\"> y que no <\/span><\/span><span class=\"s10\"><span class=\"bumpedFont15\">part<\/span><\/span><span class=\"s10\"><span class=\"bumpedFont15\">a<\/span><\/span><span class=\"s10\"><span class=\"bumpedFont15\">mos a partir del recurso para operar, <\/span><\/span><span class=\"s10\"><span class=\"bumpedFont15\">ya que los ahomenses <\/span><\/span><span class=\"s10\"><span class=\"bumpedFont15\">tenemos la capacidad para hacer <\/span><\/span><span class=\"s10\"><span class=\"bumpedFont15\">un buen <\/span><\/span><span class=\"s10\"><span class=\"bumpedFont15\">trabajo y sa<\/span><\/span><span class=\"s10\"><span class=\"bumpedFont15\">li<\/span><\/span><span class=\"s10\"><span class=\"bumpedFont15\">r adelante con la cultura<\/span><\/span><span class=\"s10\"><span class=\"bumpedFont15\">\u201d.<\/span><\/span><\/p>\n<p class=\"s8\"><span class=\"s10\"><span class=\"bumpedFont15\">Detall\u00f3 que la <\/span><\/span><span class=\"s10\"><span class=\"bumpedFont15\">solicitud <\/span><\/span><span class=\"s10\"><span class=\"bumpedFont15\">recibida indica que el Ayuntamiento <\/span><\/span><span class=\"s10\"><span class=\"bumpedFont15\">nombr<\/span><\/span><span class=\"s10\"><span class=\"bumpedFont15\">e <\/span><\/span><span class=\"s10\"><span class=\"bumpedFont15\">a un representante o un conjunto<\/span><\/span><span class=\"s10\"><span class=\"bumpedFont15\"> de representantes<\/span><\/span><span class=\"s10\"><span class=\"bumpedFont15\">, <\/span><\/span><span class=\"s10\"><span class=\"bumpedFont15\">por lo que se design\u00f3 a las oficinas de <\/span><\/span><span class=\"s10\"><span class=\"bumpedFont15\">la S\u00edndica Procuradora, <\/span><\/span><span class=\"s10\"><span class=\"bumpedFont15\">Asuntos <\/span><\/span><span class=\"s10\"><span class=\"bumpedFont15\">Jur\u00eddico<\/span><\/span><span class=\"s10\"><span class=\"bumpedFont15\">s <\/span><\/span><span class=\"s10\"><span class=\"bumpedFont15\">Presidencia<\/span><\/span><span class=\"s10\"><span class=\"bumpedFont15\"> Municipal<\/span><\/span><span class=\"s10\"><span class=\"bumpedFont15\">, para que empiecen con la entrega recepci\u00f3n del Teatro<\/span><\/span><span class=\"s10\"><span class=\"bumpedFont15\"> Ingenio<\/span><\/span><span class=\"s10\"><span class=\"bumpedFont15\">, <\/span><\/span><span class=\"s10\"><span class=\"bumpedFont15\">que <\/span><\/span><span class=\"s10\"><span class=\"bumpedFont15\">es donde menos personal de planta labora<\/span><\/span><span class=\"s10\"><span class=\"bumpedFont15\">l.<\/span><\/span><\/p>\n<p class=\"s8\"><span class=\"s10\"><span class=\"bumpedFont15\">\u201cEsto es solo <\/span><\/span><span class=\"s10\"><span class=\"bumpedFont15\">el inicio, <\/span><\/span><span class=\"s10\"><span class=\"bumpedFont15\">pero nos <\/span><\/span><span class=\"s10\"><span class=\"bumpedFont15\">faltar\u00edan los dem\u00e1s inmuebles<\/span><\/span> <span class=\"s10\"><span class=\"bumpedFont15\">pues esos bienes tendr\u00e1n que regresar al municipio, nosotros ya estamos listos para cualquier determinaci\u00f3n que se llegue a tener de c\u00f3mo seguir operando<\/span><\/span><span class=\"s10\"><span class=\"bumpedFont15\">, t<\/span><\/span><span class=\"s10\"><span class=\"bumpedFont15\">enemos estrategias, y<\/span><\/span> <span class=\"s10\"><span class=\"bumpedFont15\">hemos pedido proyectos a Educaci\u00f3n, Cultura, Turismo, y<\/span><\/span> <span class=\"s10\"><span class=\"bumpedFont15\">creo que tenemos un bosquejo importante en funci\u00f3n del recurso disponible para ver sobre qu\u00e9 estar\u00edamos plantados<\/span><\/span><span class=\"s10\"><span class=\"bumpedFont15\">\u201d, abund\u00f3 el Alcalde.<\/span><\/span><\/p>\n<p class=\"s8\"><span class=\"s10\"><span class=\"bumpedFont15\">Por \u00faltimo, subray\u00f3 que les <\/span><\/span><span class=\"s10\"><span class=\"bumpedFont15\">gustar\u00eda decirle a la gente que todos aquellos eventos que ya se ten\u00edan programados, <\/span><\/span><span class=\"s10\"><span class=\"bumpedFont15\">se <\/span><\/span><span class=\"s10\"><span class=\"bumpedFont15\">har<\/span><\/span><span class=\"s10\"><span class=\"bumpedFont15\">\u00e1 <\/span><\/span><span class=\"s10\"><span class=\"bumpedFont15\">lo necesario para que se lleven a cabo en cumplimiento de<\/span><\/span><span class=\"s10\"><span class=\"bumpedFont15\">l<\/span><\/span><span class=\"s10\"><span class=\"bumpedFont15\">os contratos. \u201cN<\/span><\/span><span class=\"s10\"><span class=\"bumpedFont15\">o veo imposibilidad ya que el material humano se tiene, hay gente disponible con capacidad y experiencia suficiente y el inter\u00e9s que se tiene<\/span><\/span><span class=\"s10\"><span class=\"bumpedFont15\"> para que la <\/span><\/span><span class=\"s10\"><span class=\"bumpedFont15\">promoci\u00f3n de la <\/span><\/span><span class=\"s10\"><span class=\"bumpedFont15\">c<\/span><\/span><span class=\"s10\"><span class=\"bumpedFont15\">ultura en Ahome<\/span><\/span><span class=\"s10\"><span class=\"bumpedFont15\"> contin\u00fae<\/span><\/span><span class=\"s10\"><span class=\"bumpedFont15\">\u201d<\/span><\/span><span class=\"s10\"><span class=\"bumpedFont15\">.<\/span><\/span><\/p>\n","protected":false},"excerpt":{"rendered":"<p>As\u00ed lo confirm\u00f3 el Alcalde Antonio Men\u00e9ndez De Llano Berm\u00fadez, quien asegur\u00f3 que ya se inici\u00f3 el proceso de entrega recepci\u00f3n para reabrir a la mayor brevedad dicho inmueble para el beneficio de toda la comunidad\u2026 Los Mochis, Ahome, Sinaloa.&#8211; El Ayuntamiento de Ahome inici\u00f3 el proceso de entrega recepci\u00f3n del inmueble de Teatro Ingenio,<\/p>\n","protected":false},"author":6,"featured_media":144636,"comment_status":"closed","ping_status":"closed","sticky":false,"template":"","format":"standard","meta":{"footnotes":""},"categories":[38],"tags":[],"class_list":["post-144634","post","type-post","status-publish","format-standard","has-post-thumbnail","hentry","category-locales"],"_links":{"self":[{"href":"https:\/\/plataformanoticias.mx\/index.php?rest_route=\/wp\/v2\/posts\/144634","targetHints":{"allow":["GET"]}}],"collection":[{"href":"https:\/\/plataformanoticias.mx\/index.php?rest_route=\/wp\/v2\/posts"}],"about":[{"href":"https:\/\/plataformanoticias.mx\/index.php?rest_route=\/wp\/v2\/types\/post"}],"author":[{"embeddable":true,"href":"https:\/\/plataformanoticias.mx\/index.php?rest_route=\/wp\/v2\/users\/6"}],"replies":[{"embeddable":true,"href":"https:\/\/plataformanoticias.mx\/index.php?rest_route=%2Fwp%2Fv2%2Fcomments&post=144634"}],"version-history":[{"count":1,"href":"https:\/\/plataformanoticias.mx\/index.php?rest_route=\/wp\/v2\/posts\/144634\/revisions"}],"predecessor-version":[{"id":144638,"href":"https:\/\/plataformanoticias.mx\/index.php?rest_route=\/wp\/v2\/posts\/144634\/revisions\/144638"}],"wp:featuredmedia":[{"embeddable":true,"href":"https:\/\/plataformanoticias.mx\/index.php?rest_route=\/wp\/v2\/media\/144636"}],"wp:attachment":[{"href":"https:\/\/plataformanoticias.mx\/index.php?rest_route=%2Fwp%2Fv2%2Fmedia&parent=144634"}],"wp:term":[{"taxonomy":"category","embeddable":true,"href":"https:\/\/plataformanoticias.mx\/index.php?rest_route=%2Fwp%2Fv2%2Fcategories&post=144634"},{"taxonomy":"post_tag","embeddable":true,"href":"https:\/\/plataformanoticias.mx\/index.php?rest_route=%2Fwp%2Fv2%2Ftags&post=144634"}],"curies":[{"name":"wp","href":"https:\/\/api.w.org\/{rel}","templated":true}]}}