{"id":144639,"date":"2026-09-03T15:52:52","date_gmt":"2026-09-03T22:52:52","guid":{"rendered":"https:\/\/plataformanoticias.mx\/?p=144639"},"modified":"2026-09-03T15:52:52","modified_gmt":"2026-09-03T22:52:52","slug":"comunidad-del-bien-hacer-fortalece-el-dialogo-y-la-participacion-universitaria-en-la-unidad-regional-norte","status":"publish","type":"post","link":"https:\/\/plataformanoticias.mx\/?p=144639","title":{"rendered":"Comunidad \u201cDel Bien Hacer\u201d fortalece el di\u00e1logo y la participaci\u00f3n universitaria en la Unidad Regional Norte"},"content":{"rendered":"<p>&nbsp;<\/p>\n<p><strong>Los Mochis, Sin.-<\/strong> Con el prop\u00f3sito de fortalecer el di\u00e1logo, la participaci\u00f3n y el trabajo colaborativo en torno a los principales retos y oportunidades de la Universidad Aut\u00f3noma de Sinaloa (UAS), integrantes de la comunidad universitaria \u201cDel Bien Hacer\u201d llevaron a cabo un encuentro de trabajo en la Unidad Regional Norte.<\/p>\n<p>Durante la reuni\u00f3n participaron docentes, acad\u00e9micos e investigadores de la instituci\u00f3n, quienes compartieron reflexiones, propuestas y puntos de vista encaminados a construir una agenda de trabajo para el pr\u00f3ximo ciclo escolar, refrendando el compromiso de aportar, desde las distintas \u00e1reas y experiencias, al fortalecimiento de la Universidad y de su comunidad.<\/p>\n<p>Uno de los principales temas abordados fue la implementaci\u00f3n del nuevo modelo de Bimodalidad 50\/50, que la UAS pondr\u00e1 en marcha durante el ciclo escolar 2026-2027. Al respecto, se destac\u00f3 que este esquema representa un reto importante, pero tambi\u00e9n una oportunidad para fortalecer los procesos acad\u00e9micos, incorporar nuevas herramientas y estrategias de ense\u00f1anza y responder a las necesidades de las nuevas generaciones de estudiantes.<\/p>\n<p>En este sentido, integrantes de \u201cDel Bien Hacer\u201d coincidieron en la importancia de acompa\u00f1ar el proceso de implementaci\u00f3n, analizar sus resultados e identificar \u00e1reas de oportunidad, siempre desde una perspectiva acad\u00e9mica, responsable y propositiva que contribuya al mejoramiento de la educaci\u00f3n que ofrece la instituci\u00f3n.<\/p>\n<p><img loading=\"lazy\" decoding=\"async\" class=\"alignnone size-medium wp-image-144648 aligncenter\" src=\"https:\/\/plataformanoticias.mx\/wp-content\/uploads\/2026\/09\/cc2492c6-8a58-4033-930e-651388f05689-300x169.jpeg\" alt=\"\" width=\"300\" height=\"169\" srcset=\"https:\/\/plataformanoticias.mx\/wp-content\/uploads\/2026\/09\/cc2492c6-8a58-4033-930e-651388f05689-300x169.jpeg 300w, https:\/\/plataformanoticias.mx\/wp-content\/uploads\/2026\/09\/cc2492c6-8a58-4033-930e-651388f05689-1024x576.jpeg 1024w, https:\/\/plataformanoticias.mx\/wp-content\/uploads\/2026\/09\/cc2492c6-8a58-4033-930e-651388f05689-768x432.jpeg 768w, https:\/\/plataformanoticias.mx\/wp-content\/uploads\/2026\/09\/cc2492c6-8a58-4033-930e-651388f05689-1536x864.jpeg 1536w, https:\/\/plataformanoticias.mx\/wp-content\/uploads\/2026\/09\/cc2492c6-8a58-4033-930e-651388f05689-2048x1152.jpeg 2048w\" sizes=\"auto, (max-width: 300px) 100vw, 300px\" \/><br \/>\nOtro de los asuntos analizados fue la cobertura educativa alcanzada por la Universidad Aut\u00f3noma de Sinaloa, destacando el esfuerzo institucional para brindar oportunidades a quienes buscan continuar con su formaci\u00f3n profesional.<\/p>\n<p>Se se\u00f1al\u00f3 que la ampliaci\u00f3n de espacios educativos representa una parte fundamental de la responsabilidad social de la UAS, particularmente ante el contexto en el que miles de j\u00f3venes sinaloenses buscan acceder a la educaci\u00f3n superior. Por ello, se plante\u00f3 la necesidad de continuar fortaleciendo las estrategias acad\u00e9micas, administrativas y de acompa\u00f1amiento que permitan atender de manera adecuada a la comunidad estudiantil y generar las condiciones para que los j\u00f3venes puedan desarrollar plenamente sus capacidades.<\/p>\n<p>Asimismo, durante el encuentro se abord\u00f3 el fortalecimiento de la investigaci\u00f3n y el desarrollo acad\u00e9mico, particularmente a partir de los nuevos reconocimientos obtenidos por profesores e investigadores universitarios dentro del Sistema Nacional de Investigadoras e Investigadores (SNII) y del Programa para el Desarrollo Profesional Docente (PRODEP).<\/p>\n<p>Los participantes destacaron que estos reconocimientos representan un motivo de orgullo para la Universidad y son reflejo del trabajo permanente que realizan docentes e investigadores en materia de generaci\u00f3n de conocimiento, formaci\u00f3n de estudiantes, investigaci\u00f3n y desarrollo acad\u00e9mico.<\/p>\n","protected":false},"excerpt":{"rendered":"<p>&nbsp; Los Mochis, Sin.- Con el prop\u00f3sito de fortalecer el di\u00e1logo, la participaci\u00f3n y el trabajo colaborativo en torno a los principales retos y oportunidades de la Universidad Aut\u00f3noma de Sinaloa (UAS), integrantes de la comunidad universitaria \u201cDel Bien Hacer\u201d llevaron a cabo un encuentro de trabajo en la Unidad Regional Norte. Durante la reuni\u00f3n<\/p>\n","protected":false},"author":6,"featured_media":144645,"comment_status":"closed","ping_status":"closed","sticky":false,"template":"","format":"standard","meta":{"footnotes":""},"categories":[28],"tags":[],"class_list":["post-144639","post","type-post","status-publish","format-standard","has-post-thumbnail","hentry","category-centro"],"_links":{"self":[{"href":"https:\/\/plataformanoticias.mx\/index.php?rest_route=\/wp\/v2\/posts\/144639","targetHints":{"allow":["GET"]}}],"collection":[{"href":"https:\/\/plataformanoticias.mx\/index.php?rest_route=\/wp\/v2\/posts"}],"about":[{"href":"https:\/\/plataformanoticias.mx\/index.php?rest_route=\/wp\/v2\/types\/post"}],"author":[{"embeddable":true,"href":"https:\/\/plataformanoticias.mx\/index.php?rest_route=\/wp\/v2\/users\/6"}],"replies":[{"embeddable":true,"href":"https:\/\/plataformanoticias.mx\/index.php?rest_route=%2Fwp%2Fv2%2Fcomments&post=144639"}],"version-history":[{"count":1,"href":"https:\/\/plataformanoticias.mx\/index.php?rest_route=\/wp\/v2\/posts\/144639\/revisions"}],"predecessor-version":[{"id":144649,"href":"https:\/\/plataformanoticias.mx\/index.php?rest_route=\/wp\/v2\/posts\/144639\/revisions\/144649"}],"wp:featuredmedia":[{"embeddable":true,"href":"https:\/\/plataformanoticias.mx\/index.php?rest_route=\/wp\/v2\/media\/144645"}],"wp:attachment":[{"href":"https:\/\/plataformanoticias.mx\/index.php?rest_route=%2Fwp%2Fv2%2Fmedia&parent=144639"}],"wp:term":[{"taxonomy":"category","embeddable":true,"href":"https:\/\/plataformanoticias.mx\/index.php?rest_route=%2Fwp%2Fv2%2Fcategories&post=144639"},{"taxonomy":"post_tag","embeddable":true,"href":"https:\/\/plataformanoticias.mx\/index.php?rest_route=%2Fwp%2Fv2%2Ftags&post=144639"}],"curies":[{"name":"wp","href":"https:\/\/api.w.org\/{rel}","templated":true}]}}