{"id":144642,"date":"2026-09-03T15:52:30","date_gmt":"2026-09-03T22:52:30","guid":{"rendered":"https:\/\/plataformanoticias.mx\/?p=144642"},"modified":"2026-09-03T15:52:30","modified_gmt":"2026-09-03T22:52:30","slug":"servidores-publicos-participan-en-foro-violencia-de-genero-de-la-semujeres","status":"publish","type":"post","link":"https:\/\/plataformanoticias.mx\/?p=144642","title":{"rendered":"Servidores p\u00fablicos participan en Foro Violencia de G\u00e9nero de la SEMUJERES."},"content":{"rendered":"<p class=\"s6\"><span class=\"s7\">A nombre del Alcalde Antonio Men\u00e9ndez, la titular de dicha Secretar\u00eda, Melissa Estavillo, agradeci\u00f3 la nutrida participaci\u00f3n del funcionariado ahomense, as\u00ed como la ponencia de la <\/span><span class=\"s7\">Comisionada Internacional de Derechos por la Igualdad,<\/span><span class=\"s7\"> Yolanda Gonz\u00e1lez\u2026<\/span><\/p>\n<p class=\"s8\"><span class=\"s7\">\u00a0<\/span><\/p>\n<p class=\"s8\"><strong><span class=\"s9\"><span class=\"bumpedFont15\">Los Mochis, <\/span><\/span><span class=\"s9\"><span class=\"bumpedFont15\">Ahome, <\/span><\/span><\/strong><span class=\"s9\"><span class=\"bumpedFont15\"><strong>Sinaloa<\/strong>. <\/span><\/span><span class=\"s10\"><span class=\"bumpedFont15\">La Secretar\u00eda de las Mujeres (SEMUJERES) del Ayuntamiento de Ahome, ofreci\u00f3 un foro sobre Violencia de G\u00e9nero donde se cont\u00f3 con la participaci\u00f3n especial de la <\/span><\/span><a name=\"_Hlk239334592\"><\/a><span class=\"s10\"><span class=\"bumpedFont15\">Comisionada Internacional de Derechos por la Igualdad, <\/span><\/span><span class=\"s10\"><span class=\"bumpedFont15\">quien ofreci\u00f3 una conferencia sobre el tema a servidoras y servidores municipales que se encargan de los programas de atenci\u00f3n al sector femenil.<\/span><\/span><\/p>\n<p class=\"s8\"><span class=\"s10\">\u00a0<\/span><\/p>\n<p class=\"s8\"><span class=\"s10\"><span class=\"bumpedFont15\">Melissa Estavillo<\/span><\/span><span class=\"s10\"><span class=\"bumpedFont15\"> Zavala<\/span><\/span><span class=\"s10\"><span class=\"bumpedFont15\">, titular <\/span><\/span><span class=\"s10\"><span class=\"bumpedFont15\">de la <\/span><\/span><span class=\"s10\"><span class=\"bumpedFont15\">S<\/span><\/span><span class=\"s10\"><span class=\"bumpedFont15\">EMUJERES<\/span><\/span><span class=\"s10\"><span class=\"bumpedFont15\">, dio la bi<\/span><\/span><span class=\"s10\"><span class=\"bumpedFont15\">envenida <\/span><\/span><span class=\"s10\"><span class=\"bumpedFont15\">a las partic<\/span><\/span><span class=\"s10\"><span class=\"bumpedFont15\">ip<\/span><\/span><span class=\"s10\"><span class=\"bumpedFont15\">antes y a nombre del <\/span><\/span><span class=\"s10\"><span class=\"bumpedFont15\">A<\/span><\/span><span class=\"s10\"><span class=\"bumpedFont15\">lcalde <\/span><\/span><span class=\"s10\"><span class=\"bumpedFont15\">Antonio Men\u00e9ndez De Llano Berm\u00fadez, <\/span><\/span><span class=\"s10\"><span class=\"bumpedFont15\">agradeci<\/span><\/span><span class=\"s10\"><span class=\"bumpedFont15\">\u00f3<\/span><\/span><span class=\"s10\"><span class=\"bumpedFont15\"> la <\/span><\/span><span class=\"s10\"><span class=\"bumpedFont15\">presencia <\/span><\/span><span class=\"s10\"><span class=\"bumpedFont15\">de <\/span><\/span><span class=\"s10\"><span class=\"bumpedFont15\">empleadas y empleados de d<\/span><\/span><span class=\"s10\"><span class=\"bumpedFont15\">iversas dependencias del A<\/span><\/span><span class=\"s10\"><span class=\"bumpedFont15\">y<\/span><\/span><span class=\"s10\"><span class=\"bumpedFont15\">unt<\/span><\/span><span class=\"s10\"><span class=\"bumpedFont15\">amiento, as\u00ed como de <\/span><\/span><span class=\"s10\"><span class=\"bumpedFont15\">la ponente<\/span><\/span><span class=\"s10\"><span class=\"bumpedFont15\">Yolanda Gonz\u00e1lez Lozano, Comisionada Internacional de Derechos por la Igualdad. <\/span><\/span><\/p>\n<p class=\"s8\"><span class=\"s10\"><img loading=\"lazy\" decoding=\"async\" class=\"alignnone size-medium wp-image-144646\" src=\"https:\/\/plataformanoticias.mx\/wp-content\/uploads\/2026\/09\/7f0073de-ea67-4725-b092-bbb96f3dbf6f-300x200.jpeg\" alt=\"\" width=\"300\" height=\"200\" srcset=\"https:\/\/plataformanoticias.mx\/wp-content\/uploads\/2026\/09\/7f0073de-ea67-4725-b092-bbb96f3dbf6f-300x200.jpeg 300w, https:\/\/plataformanoticias.mx\/wp-content\/uploads\/2026\/09\/7f0073de-ea67-4725-b092-bbb96f3dbf6f-1024x683.jpeg 1024w, https:\/\/plataformanoticias.mx\/wp-content\/uploads\/2026\/09\/7f0073de-ea67-4725-b092-bbb96f3dbf6f-768x512.jpeg 768w, https:\/\/plataformanoticias.mx\/wp-content\/uploads\/2026\/09\/7f0073de-ea67-4725-b092-bbb96f3dbf6f.jpeg 1280w\" sizes=\"auto, (max-width: 300px) 100vw, 300px\" \/>\u00a0<\/span><\/p>\n<p class=\"s8\"><span class=\"s10\"><span class=\"bumpedFont15\">\u201cEste es un momento muy especial que nos permite capacitar sobre estrategias como a<\/span><\/span><span class=\"s10\"><span class=\"bumpedFont15\">tenci<\/span><\/span><span class=\"s10\"><span class=\"bumpedFont15\">\u00f3n <\/span><\/span><span class=\"s10\"><span class=\"bumpedFont15\">a<\/span><\/span> <span class=\"s10\"><span class=\"bumpedFont15\">las causas, <\/span><\/span><span class=\"s10\"><span class=\"bumpedFont15\">la <\/span><\/span><span class=\"s10\"><span class=\"bumpedFont15\">violencia familiar<\/span><\/span><span class=\"s10\"><span class=\"bumpedFont15\"> y<\/span><\/span> <span class=\"s10\"><span class=\"bumpedFont15\">la <\/span><\/span><span class=\"s10\"><span class=\"bumpedFont15\">igua<\/span><\/span><span class=\"s10\"><span class=\"bumpedFont15\">ldad de g\u00e9nero y los derechos; es un m<\/span><\/span><span class=\"s10\"><span class=\"bumpedFont15\">omento que <\/span><\/span><span class=\"s10\"><span class=\"bumpedFont15\">propicio para fortalecer el tema de la sensibilizaci\u00f3n <\/span><\/span><span class=\"s10\"><span class=\"bumpedFont15\">en <\/span><\/span><span class=\"s10\"><span class=\"bumpedFont15\">estos asuntos <\/span><\/span><span class=\"s10\"><span class=\"bumpedFont15\">que nos ata<\/span><\/span><span class=\"s10\"><span class=\"bumpedFont15\">\u00f1en a todos. Les invit\u00f3 a que aprender y <\/span><\/span><span class=\"s10\"><span class=\"bumpedFont15\">poner en <\/span><\/span><span class=\"s10\"><span class=\"bumpedFont15\">p<\/span><\/span><span class=\"s10\"><span class=\"bumpedFont15\">r<\/span><\/span><span class=\"s10\"><span class=\"bumpedFont15\">\u00e1c<\/span><\/span><span class=\"s10\"><span class=\"bumpedFont15\">tica los <\/span><\/span><span class=\"s10\"><span class=\"bumpedFont15\">conocimientos adquiridos\u201d, subray\u00f3 Melissa Estavillo.<\/span><\/span><\/p>\n<p class=\"s8\"><span class=\"s10\">\u00a0<\/span><\/p>\n<p class=\"s8\"><span class=\"s10\"><span class=\"bumpedFont15\">Por su parte la expositora, subray\u00f3 que muy <\/span><\/span><span class=\"s10\"><span class=\"bumpedFont15\">importante hablar del tema porque algu<\/span><\/span><span class=\"s10\"><span class=\"bumpedFont15\">n<\/span><\/span><span class=\"s10\"><span class=\"bumpedFont15\">os <\/span><\/span><span class=\"s10\"><span class=\"bumpedFont15\">todav\u00eda p<\/span><\/span><span class=\"s10\"><span class=\"bumpedFont15\">i<\/span><\/span><span class=\"s10\"><span class=\"bumpedFont15\">e<\/span><\/span><span class=\"s10\"><span class=\"bumpedFont15\">nsa<\/span><\/span><span class=\"s10\"><span class=\"bumpedFont15\">n<\/span><\/span><span class=\"s10\"><span class=\"bumpedFont15\"> que no existe <\/span><\/span><span class=\"s10\"><span class=\"bumpedFont15\">o <\/span><\/span><span class=\"s10\"><span class=\"bumpedFont15\">que es problema de la so<\/span><\/span><span class=\"s10\"><span class=\"bumpedFont15\">c<\/span><\/span><span class=\"s10\"><span class=\"bumpedFont15\">iedad y <\/span><\/span><span class=\"s10\"><span class=\"bumpedFont15\">no <\/span><\/span><span class=\"s10\"><span class=\"bumpedFont15\">personal<\/span><\/span><span class=\"s10\"><span class=\"bumpedFont15\">; de ah\u00ed la pertinencia de este tipo de eventos que permiten <\/span><\/span><span class=\"s10\"><span class=\"bumpedFont15\">identificar y <\/span><\/span><span class=\"s10\"><span class=\"bumpedFont15\">co<\/span><\/span><span class=\"s10\"><span class=\"bumpedFont15\">no<\/span><\/span><span class=\"s10\"><span class=\"bumpedFont15\">c<\/span><\/span><span class=\"s10\"><span class=\"bumpedFont15\">er <\/span><\/span><span class=\"s10\"><span class=\"bumpedFont15\">lo <\/span><\/span><span class=\"s10\"><span class=\"bumpedFont15\">que pod<\/span><\/span><span class=\"s10\"><span class=\"bumpedFont15\">e<\/span><\/span><span class=\"s10\"><span class=\"bumpedFont15\">m<\/span><\/span><span class=\"s10\"><span class=\"bumpedFont15\">os <\/span><\/span><span class=\"s10\"><span class=\"bumpedFont15\">hacer para prev<\/span><\/span><span class=\"s10\"><span class=\"bumpedFont15\">enir la violencia de g\u00e9nero.<\/span><\/span><\/p>\n<p class=\"s8\"><span class=\"s10\">\u00a0<\/span><\/p>\n<p class=\"s8\"><span class=\"s10\"><span class=\"bumpedFont15\">\u201c<\/span><\/span><span class=\"s10\"><span class=\"bumpedFont15\">Entendemos <\/span><\/span><span class=\"s10\"><span class=\"bumpedFont15\">que <\/span><\/span><span class=\"s10\"><span class=\"bumpedFont15\">la vio<\/span><\/span><span class=\"s10\"><span class=\"bumpedFont15\">l<\/span><\/span><span class=\"s10\"><span class=\"bumpedFont15\">encia de<\/span><\/span> <span class=\"s10\"><span class=\"bumpedFont15\">g<\/span><\/span><span class=\"s10\"><span class=\"bumpedFont15\">\u00e9<\/span><\/span><span class=\"s10\"><span class=\"bumpedFont15\">nero es cua<\/span><\/span><span class=\"s10\"><span class=\"bumpedFont15\">l<\/span><\/span><span class=\"s10\"><span class=\"bumpedFont15\">quier acto de<\/span><\/span><span class=\"s10\"><span class=\"bumpedFont15\">vi<\/span><\/span><span class=\"s10\"><span class=\"bumpedFont15\">ol<\/span><\/span><span class=\"s10\"><span class=\"bumpedFont15\">encia que ca<\/span><\/span><span class=\"s10\"><span class=\"bumpedFont15\">use <\/span><\/span><span class=\"s10\"><span class=\"bumpedFont15\">o pueda caus<\/span><\/span><span class=\"s10\"><span class=\"bumpedFont15\">a<\/span><\/span><span class=\"s10\"><span class=\"bumpedFont15\">r da\u00f1o f\u00edsico<\/span><\/span><span class=\"s10\"><span class=\"bumpedFont15\">, <\/span><\/span><span class=\"s10\"><span class=\"bumpedFont15\">eco<\/span><\/span><span class=\"s10\"><span class=\"bumpedFont15\">n\u00f3<\/span><\/span><span class=\"s10\"><span class=\"bumpedFont15\">mico o psic<\/span><\/span><span class=\"s10\"><span class=\"bumpedFont15\">ol\u00f3<\/span><\/span><span class=\"s10\"><span class=\"bumpedFont15\">gico<\/span><\/span><span class=\"s10\"><span class=\"bumpedFont15\">, y es un tema de <\/span><\/span><span class=\"s10\"><span class=\"bumpedFont15\">int<\/span><\/span><span class=\"s10\"><span class=\"bumpedFont15\">e<\/span><\/span><span class=\"s10\"><span class=\"bumpedFont15\">r<\/span><\/span><span class=\"s10\"><span class=\"bumpedFont15\">\u00e9<\/span><\/span><span class=\"s10\"><span class=\"bumpedFont15\">s para todas las mujer<\/span><\/span><span class=\"s10\"><span class=\"bumpedFont15\">e<\/span><\/span><span class=\"s10\"><span class=\"bumpedFont15\">s<\/span><\/span><span class=\"s10\"><span class=\"bumpedFont15\">\u201d, <\/span><\/span><span class=\"s10\"><span class=\"bumpedFont15\">expres\u00f3 la conferencista quien comparti\u00f3 informaci\u00f3n importante sobre temas de p<\/span><\/span><span class=\"s10\"><span class=\"bumpedFont15\">er<\/span><\/span><span class=\"s10\"><span class=\"bumpedFont15\">s<\/span><\/span><span class=\"s10\"><span class=\"bumpedFont15\">pe<\/span><\/span><span class=\"s10\"><span class=\"bumpedFont15\">ct<\/span><\/span><span class=\"s10\"><span class=\"bumpedFont15\">iva de<\/span><\/span> <span class=\"s10\"><span class=\"bumpedFont15\">g<\/span><\/span><span class=\"s10\"><span class=\"bumpedFont15\">\u00e9<\/span><\/span><span class=\"s10\"><span class=\"bumpedFont15\">nero, <\/span><\/span><span class=\"s10\"><span class=\"bumpedFont15\">derechos <\/span><\/span><span class=\"s10\"><span class=\"bumpedFont15\">humanos<\/span><\/span><span class=\"s10\"><span class=\"bumpedFont15\">.<\/span><\/span><\/p>\n<p class=\"s8\"><span class=\"s10\">\u00a0<\/span><\/p>\n<p class=\"s8\"><span class=\"s10\"><span class=\"bumpedFont15\">Por \u00faltimo, la Secretaria de la SEMUJERES, Melissa Estavillo, agradeci\u00f3 la presencia de titulares y empleados de dependencias como DIF, Turismo, SEDECO, Seguridad P\u00fablica, Juventud, Bienestar, IMAC, Regidores<\/span><\/span><span class=\"s10\"><span class=\"bumpedFont15\"> y<\/span><\/span><span class=\"s10\"><span class=\"bumpedFont15\"> SIPINNA<\/span><\/span><span class=\"s10\"><span class=\"bumpedFont15\">, entre otras.<\/span><\/span><\/p>\n","protected":false},"excerpt":{"rendered":"<p>A nombre del Alcalde Antonio Men\u00e9ndez, la titular de dicha Secretar\u00eda, Melissa Estavillo, agradeci\u00f3 la nutrida participaci\u00f3n del funcionariado ahomense, as\u00ed como la ponencia de la Comisionada Internacional de Derechos por la Igualdad, Yolanda Gonz\u00e1lez\u2026 \u00a0 Los Mochis, Ahome, Sinaloa. La Secretar\u00eda de las Mujeres (SEMUJERES) del Ayuntamiento de Ahome, ofreci\u00f3 un foro sobre Violencia<\/p>\n","protected":false},"author":6,"featured_media":144644,"comment_status":"closed","ping_status":"closed","sticky":false,"template":"","format":"standard","meta":{"footnotes":""},"categories":[38],"tags":[],"class_list":["post-144642","post","type-post","status-publish","format-standard","has-post-thumbnail","hentry","category-locales"],"_links":{"self":[{"href":"https:\/\/plataformanoticias.mx\/index.php?rest_route=\/wp\/v2\/posts\/144642","targetHints":{"allow":["GET"]}}],"collection":[{"href":"https:\/\/plataformanoticias.mx\/index.php?rest_route=\/wp\/v2\/posts"}],"about":[{"href":"https:\/\/plataformanoticias.mx\/index.php?rest_route=\/wp\/v2\/types\/post"}],"author":[{"embeddable":true,"href":"https:\/\/plataformanoticias.mx\/index.php?rest_route=\/wp\/v2\/users\/6"}],"replies":[{"embeddable":true,"href":"https:\/\/plataformanoticias.mx\/index.php?rest_route=%2Fwp%2Fv2%2Fcomments&post=144642"}],"version-history":[{"count":1,"href":"https:\/\/plataformanoticias.mx\/index.php?rest_route=\/wp\/v2\/posts\/144642\/revisions"}],"predecessor-version":[{"id":144647,"href":"https:\/\/plataformanoticias.mx\/index.php?rest_route=\/wp\/v2\/posts\/144642\/revisions\/144647"}],"wp:featuredmedia":[{"embeddable":true,"href":"https:\/\/plataformanoticias.mx\/index.php?rest_route=\/wp\/v2\/media\/144644"}],"wp:attachment":[{"href":"https:\/\/plataformanoticias.mx\/index.php?rest_route=%2Fwp%2Fv2%2Fmedia&parent=144642"}],"wp:term":[{"taxonomy":"category","embeddable":true,"href":"https:\/\/plataformanoticias.mx\/index.php?rest_route=%2Fwp%2Fv2%2Fcategories&post=144642"},{"taxonomy":"post_tag","embeddable":true,"href":"https:\/\/plataformanoticias.mx\/index.php?rest_route=%2Fwp%2Fv2%2Ftags&post=144642"}],"curies":[{"name":"wp","href":"https:\/\/api.w.org\/{rel}","templated":true}]}}