{"id":144660,"date":"2026-09-03T16:00:22","date_gmt":"2026-09-03T23:00:22","guid":{"rendered":"https:\/\/plataformanoticias.mx\/?p=144660"},"modified":"2026-09-03T16:00:22","modified_gmt":"2026-09-03T23:00:22","slug":"personal-de-comunicacion-social-se-capacita-en-codigo-de-etica-y-conducta-para-servidores-publicos","status":"publish","type":"post","link":"https:\/\/plataformanoticias.mx\/?p=144660","title":{"rendered":"Personal de Comunicaci\u00f3n Social se capacita en C\u00f3digo de \u00c9tica y Conducta para servidores p\u00fablicos"},"content":{"rendered":"<p>La titular de la Unidad de \u00c9tica del \u00d3rgano Interno de Control OIC Ahome, Paola Rubio, dijo que estos talleres tienen el objetivo de que los servidores p\u00fablicos ahomenses se conduzcan con apego a las normas y valores tanto al interior como al exterior de la instituci\u00f3n\u2026<\/p>\n<p><strong>Los Mochis, Ahome, Sinaloa<\/strong>. El Personal de la coordinaci\u00f3n de Comunicaci\u00f3n Social del Ayuntamiento de Ahome, particip\u00f3 en el taller informativo y de capacitaci\u00f3n otorgado por la Unidad de \u00c9tica del \u00d3rgano Interno de Control del Gobierno Municipal, con el objetivo de que los servidores p\u00fablicos se conduzcan con apego a las normas y valores tanto al interior como al exterior de la instituci\u00f3n.<\/p>\n<p>Paola Rubio, titular de dicha Unidad de \u00c9tica del OIC, resalt\u00f3 la importancia y pertinencia de que Comunicaci\u00f3n Social se sume a estas acciones ya que son una dependencia clave para el buen funcionamiento de la estructura del Gobierno de Ahome, La Casa de Todos, porque son el enlace con la sociedad y los medios de comunicaci\u00f3n.<\/p>\n<p><img loading=\"lazy\" decoding=\"async\" class=\"alignnone size-medium wp-image-144662\" src=\"https:\/\/plataformanoticias.mx\/wp-content\/uploads\/2026\/09\/1ad36ddc-79c8-40f2-8799-b5a0e878017d-300x300.jpeg\" alt=\"\" width=\"300\" height=\"300\" srcset=\"https:\/\/plataformanoticias.mx\/wp-content\/uploads\/2026\/09\/1ad36ddc-79c8-40f2-8799-b5a0e878017d-300x300.jpeg 300w, https:\/\/plataformanoticias.mx\/wp-content\/uploads\/2026\/09\/1ad36ddc-79c8-40f2-8799-b5a0e878017d-1024x1024.jpeg 1024w, https:\/\/plataformanoticias.mx\/wp-content\/uploads\/2026\/09\/1ad36ddc-79c8-40f2-8799-b5a0e878017d-150x150.jpeg 150w, https:\/\/plataformanoticias.mx\/wp-content\/uploads\/2026\/09\/1ad36ddc-79c8-40f2-8799-b5a0e878017d-768x768.jpeg 768w, https:\/\/plataformanoticias.mx\/wp-content\/uploads\/2026\/09\/1ad36ddc-79c8-40f2-8799-b5a0e878017d.jpeg 1280w\" sizes=\"auto, (max-width: 300px) 100vw, 300px\" \/><\/p>\n<p>La funcionaria detall\u00f3 que este tipo de talleres sobre el C\u00f3digo de \u00c9tica y de Conducta al personal municipal y de paramunicipales, es un encargo del Alcalde Antonio Men\u00e9ndez De Llano Berm\u00fadez, para fortalecer el servicio p\u00fablico en beneficio de la ciudadan\u00eda.<\/p>\n<p>Explic\u00f3 que le Unidad de \u00c9tica del OIC Ahome, recibe quejas y reportes por malos tratos o conductas indebidas de funcionarios y busca la conciliaci\u00f3n para solucionar conflictos de manera amistosa entre la ciudadan\u00eda y el servidor p\u00fablico, e incluso aplica las sanciones correspondientes.<\/p>\n<p>Por su parte el coordinador de Comunicaci\u00f3n Social, \u00d3scar Alatorre Beltr\u00e1n, agradeci\u00f3 a la titular de la Unidad de \u00c9tica, por incluirlos en el programa de talleres, y en especial la presencia de los integrantes de dicha dependencia a su cargo, por interesarse en su formaci\u00f3n para ser mejores servidores.<\/p>\n","protected":false},"excerpt":{"rendered":"<p>La titular de la Unidad de \u00c9tica del \u00d3rgano Interno de Control OIC Ahome, Paola Rubio, dijo que estos talleres tienen el objetivo de que los servidores p\u00fablicos ahomenses se conduzcan con apego a las normas y valores tanto al interior como al exterior de la instituci\u00f3n\u2026 Los Mochis, Ahome, Sinaloa. El Personal de la<\/p>\n","protected":false},"author":6,"featured_media":144663,"comment_status":"closed","ping_status":"closed","sticky":false,"template":"","format":"standard","meta":{"footnotes":""},"categories":[38],"tags":[],"class_list":["post-144660","post","type-post","status-publish","format-standard","has-post-thumbnail","hentry","category-locales"],"_links":{"self":[{"href":"https:\/\/plataformanoticias.mx\/index.php?rest_route=\/wp\/v2\/posts\/144660","targetHints":{"allow":["GET"]}}],"collection":[{"href":"https:\/\/plataformanoticias.mx\/index.php?rest_route=\/wp\/v2\/posts"}],"about":[{"href":"https:\/\/plataformanoticias.mx\/index.php?rest_route=\/wp\/v2\/types\/post"}],"author":[{"embeddable":true,"href":"https:\/\/plataformanoticias.mx\/index.php?rest_route=\/wp\/v2\/users\/6"}],"replies":[{"embeddable":true,"href":"https:\/\/plataformanoticias.mx\/index.php?rest_route=%2Fwp%2Fv2%2Fcomments&post=144660"}],"version-history":[{"count":1,"href":"https:\/\/plataformanoticias.mx\/index.php?rest_route=\/wp\/v2\/posts\/144660\/revisions"}],"predecessor-version":[{"id":144664,"href":"https:\/\/plataformanoticias.mx\/index.php?rest_route=\/wp\/v2\/posts\/144660\/revisions\/144664"}],"wp:featuredmedia":[{"embeddable":true,"href":"https:\/\/plataformanoticias.mx\/index.php?rest_route=\/wp\/v2\/media\/144663"}],"wp:attachment":[{"href":"https:\/\/plataformanoticias.mx\/index.php?rest_route=%2Fwp%2Fv2%2Fmedia&parent=144660"}],"wp:term":[{"taxonomy":"category","embeddable":true,"href":"https:\/\/plataformanoticias.mx\/index.php?rest_route=%2Fwp%2Fv2%2Fcategories&post=144660"},{"taxonomy":"post_tag","embeddable":true,"href":"https:\/\/plataformanoticias.mx\/index.php?rest_route=%2Fwp%2Fv2%2Ftags&post=144660"}],"curies":[{"name":"wp","href":"https:\/\/api.w.org\/{rel}","templated":true}]}}