{"id":144671,"date":"2026-09-03T16:06:37","date_gmt":"2026-09-03T23:06:37","guid":{"rendered":"https:\/\/plataformanoticias.mx\/?p=144671"},"modified":"2026-09-03T16:06:37","modified_gmt":"2026-09-03T23:06:37","slug":"congreso-del-estado-instalo-el-jurado-calificador-para-el-premio-al-merito-juvenil-2026","status":"publish","type":"post","link":"https:\/\/plataformanoticias.mx\/?p=144671","title":{"rendered":"Congreso del Estado instal\u00f3 el jurado calificador para el Premio al M\u00e9rito Juvenil 2026"},"content":{"rendered":"<p><img loading=\"lazy\" decoding=\"async\" class=\"alignnone size-medium wp-image-144674 aligncenter\" src=\"https:\/\/plataformanoticias.mx\/wp-content\/uploads\/2026\/09\/45515af9-cfb9-4f3b-9ba2-d18eb323d189-300x200.jpeg\" alt=\"\" width=\"300\" height=\"200\" srcset=\"https:\/\/plataformanoticias.mx\/wp-content\/uploads\/2026\/09\/45515af9-cfb9-4f3b-9ba2-d18eb323d189-300x200.jpeg 300w, https:\/\/plataformanoticias.mx\/wp-content\/uploads\/2026\/09\/45515af9-cfb9-4f3b-9ba2-d18eb323d189-1024x682.jpeg 1024w, https:\/\/plataformanoticias.mx\/wp-content\/uploads\/2026\/09\/45515af9-cfb9-4f3b-9ba2-d18eb323d189-768x512.jpeg 768w, https:\/\/plataformanoticias.mx\/wp-content\/uploads\/2026\/09\/45515af9-cfb9-4f3b-9ba2-d18eb323d189-1536x1023.jpeg 1536w, https:\/\/plataformanoticias.mx\/wp-content\/uploads\/2026\/09\/45515af9-cfb9-4f3b-9ba2-d18eb323d189.jpeg 1600w\" sizes=\"auto, (max-width: 300px) 100vw, 300px\" \/><\/p>\n<p><strong>Culiac\u00e1n, Sinaloa.-<\/strong> En una reuni\u00f3n de trabajo desarrollada este mi\u00e9rcoles, la Junta de Coordinaci\u00f3n Pol\u00edtica (JUCOPO), en conjunto con las Comisiones Unidas de Educaci\u00f3n, Ciencia y Tecnolog\u00eda, de Desarrollo Econ\u00f3mico y de La Juventud, Cultura F\u00edsica y Deporte, constituy\u00f3 e instal\u00f3 el jurado calificador que se encargar\u00e1 de seleccionar a los galardonados con el Premio al M\u00e9rito Juvenil edici\u00f3n 2026, mismo que fue integrado por las y los diputados que forman parte de cada uno de los \u00f3rganos legislativos en menci\u00f3n.<\/p>\n<p>En su intervenci\u00f3n, el presidente de la JUCOPO, el diputado Eligio L\u00f3pez Portillo, inform\u00f3 que la Convocatoria del Premio al M\u00e9rito Juvenil 2026 tuvo una respuesta importante por parte de la sociedad sinaloense, al recibirse 121 propuestas de j\u00f3venes sobresalientes en las distintas categor\u00edas, lo que, se\u00f1al\u00f3, da cuenta de la diversidad, capacidad y talento de las nuevas generaciones.<\/p>\n<p>Detall\u00f3 que 18 propuestas no cumplieron con la totalidad de los requisitos establecidos en la Convocatoria, por lo que quedaron 103 propuestas en condiciones de ser analizadas por el Jurado, de las cuales, 47 fueron en m\u00e9rito acad\u00e9mico, cient\u00edfico y tecnol\u00f3gico; 24 en m\u00e9rito c\u00edvico-social; 19 en m\u00e9rito deportivo; 16 en m\u00e9rito art\u00edstico, y cinco en m\u00e9rito empresarial.<\/p>\n<p>L\u00f3pez Portillo resalt\u00f3 particularmente que la categor\u00eda acad\u00e9mica, cient\u00edfica y tecnol\u00f3gica concentr\u00f3 el mayor n\u00famero de postulaciones, lo que refleja el inter\u00e9s y la participaci\u00f3n de las nuevas generaciones en \u00e1reas fundamentales para el desarrollo de Sinaloa.<\/p>\n<p>Record\u00f3 adem\u00e1s que el Premio al M\u00e9rito Juvenil fue instituido mediante el Decreto n\u00famero 281, aprobado el 3 de febrero de 2000, con el prop\u00f3sito de reconocer a j\u00f3venes que por sus m\u00e9ritos y trayectoria hayan destacado en la academia, ciencia y tecnolog\u00eda, \u00e1mbito c\u00edvico o social, arte y deporte. Posteriormente, mediante el Decreto n\u00famero 513, de junio de 2023, se incorpor\u00f3 la categor\u00eda de m\u00e9rito empresarial.<\/p>\n<p>El presidente de la JUCOPO explic\u00f3 que el reconocimiento contempla un diploma, un tejo de oro pendiente de una cinta de seda y un est\u00edmulo econ\u00f3mico. Para la edici\u00f3n 2026, precis\u00f3, cada joven que resulte ganador recibir\u00e1 35 mil pesos.<\/p>\n<p>Considerando que son 103 propuestas las que deber\u00e1n ser revisadas, se acord\u00f3 por unanimidad que la pr\u00f3xima reuni\u00f3n del Jurado se lleve a cabo el viernes 11 de septiembre de 2026, donde continuar\u00e1n los trabajos de an\u00e1lisis y valoraci\u00f3n de las candidaturas.<\/p>\n<p>Cabe mencionar que durante la instalaci\u00f3n del Jurado, la diputada Karina Isabel Franco Meza, presidenta de la Comisi\u00f3n de La Juventud, Cultura F\u00edsica y Deporte, realiz\u00f3 el pase de lista, con la asistencia de integrantes de la Junta de Coordinaci\u00f3n Pol\u00edtica, as\u00ed como de las Comisiones de Educaci\u00f3n, Ciencia y Tecnolog\u00eda; de La Juventud, Cultura F\u00edsica y Deporte; y Desarrollo Econ\u00f3mico, con lo que se declar\u00f3 la existencia de qu\u00f3rum legal.<\/p>\n<p>Por la Junta de Coordinaci\u00f3n Pol\u00edtica participaron el propio diputado Eligio L\u00f3pez Portillo, as\u00ed como Juan Carlos Villa Romero, Irma Guadalupe Moreno Ovalles, Roxana Rubio Valdez, Elizabeth Rafaela Montoya Ojeda, V\u00edctor Antonio Corrales Burgue\u00f1o, Moncerrat L\u00f3pez L\u00f3pez y Juan Diego Aranzubia Iturrios. Por la Comisi\u00f3n de Educaci\u00f3n, Ciencia y Tecnolog\u00eda estuvieron Manuel de Jes\u00fas Guerrero Verdugo, Juan Carlos Villa Romero, Luz Ver\u00f3nica Avil\u00e9s Roch\u00edn, Elizabeth Rafaela Montoya Ojeda y V\u00edctor Antonio Corrales Burgue\u00f1o.<\/p>\n<p>Asimismo, de la Comisi\u00f3n de La Juventud, Cultura F\u00edsica y Deporte participaron Karina Isabel Franco Meza, Jes\u00fas Azcanio Salom\u00f3n Saiz, Arely Berenice Ruiz L\u00f3pez, Aidee Corrales Corrales y Moncerrat L\u00f3pez L\u00f3pez; mientras que por la Comisi\u00f3n de Desarrollo Econ\u00f3mico estuvieron Paola Iveth G\u00e1rate Valenzuela, C\u00e9sar Ismael Guerrero Verdugo, Carlos de Jes\u00fas Escobar S\u00e1nchez y Jes\u00fas Ang\u00e9lica D\u00edaz Qui\u00f1\u00f3nez; adem\u00e1s de la Secretaria General del Congreso, Conzuelo Guti\u00e9rrez Guti\u00e9rrez.<\/p>\n","protected":false},"excerpt":{"rendered":"<p>Culiac\u00e1n, Sinaloa.- En una reuni\u00f3n de trabajo desarrollada este mi\u00e9rcoles, la Junta de Coordinaci\u00f3n Pol\u00edtica (JUCOPO), en conjunto con las Comisiones Unidas de Educaci\u00f3n, Ciencia y Tecnolog\u00eda, de Desarrollo Econ\u00f3mico y de La Juventud, Cultura F\u00edsica y Deporte, constituy\u00f3 e instal\u00f3 el jurado calificador que se encargar\u00e1 de seleccionar a los galardonados con el Premio<\/p>\n","protected":false},"author":6,"featured_media":144673,"comment_status":"closed","ping_status":"closed","sticky":false,"template":"","format":"standard","meta":{"footnotes":""},"categories":[31],"tags":[],"class_list":["post-144671","post","type-post","status-publish","format-standard","has-post-thumbnail","hentry","category-politica"],"_links":{"self":[{"href":"https:\/\/plataformanoticias.mx\/index.php?rest_route=\/wp\/v2\/posts\/144671","targetHints":{"allow":["GET"]}}],"collection":[{"href":"https:\/\/plataformanoticias.mx\/index.php?rest_route=\/wp\/v2\/posts"}],"about":[{"href":"https:\/\/plataformanoticias.mx\/index.php?rest_route=\/wp\/v2\/types\/post"}],"author":[{"embeddable":true,"href":"https:\/\/plataformanoticias.mx\/index.php?rest_route=\/wp\/v2\/users\/6"}],"replies":[{"embeddable":true,"href":"https:\/\/plataformanoticias.mx\/index.php?rest_route=%2Fwp%2Fv2%2Fcomments&post=144671"}],"version-history":[{"count":1,"href":"https:\/\/plataformanoticias.mx\/index.php?rest_route=\/wp\/v2\/posts\/144671\/revisions"}],"predecessor-version":[{"id":144675,"href":"https:\/\/plataformanoticias.mx\/index.php?rest_route=\/wp\/v2\/posts\/144671\/revisions\/144675"}],"wp:featuredmedia":[{"embeddable":true,"href":"https:\/\/plataformanoticias.mx\/index.php?rest_route=\/wp\/v2\/media\/144673"}],"wp:attachment":[{"href":"https:\/\/plataformanoticias.mx\/index.php?rest_route=%2Fwp%2Fv2%2Fmedia&parent=144671"}],"wp:term":[{"taxonomy":"category","embeddable":true,"href":"https:\/\/plataformanoticias.mx\/index.php?rest_route=%2Fwp%2Fv2%2Fcategories&post=144671"},{"taxonomy":"post_tag","embeddable":true,"href":"https:\/\/plataformanoticias.mx\/index.php?rest_route=%2Fwp%2Fv2%2Ftags&post=144671"}],"curies":[{"name":"wp","href":"https:\/\/api.w.org\/{rel}","templated":true}]}}