{"id":144676,"date":"2026-09-03T16:35:57","date_gmt":"2026-09-03T23:35:57","guid":{"rendered":"https:\/\/plataformanoticias.mx\/?p=144676"},"modified":"2026-09-03T16:35:57","modified_gmt":"2026-09-03T23:35:57","slug":"incorpora-imss-sinaloa-cuatro-nuevas-ambulancias-para-traslado-de-pacientes","status":"publish","type":"post","link":"https:\/\/plataformanoticias.mx\/?p=144676","title":{"rendered":"Incorpora IMSS Sinaloa cuatro nuevas ambulancias para traslado de pacientes"},"content":{"rendered":"<p class=\"s8\">\n<p class=\"s8\"><span class=\"s7\">\u00a0<\/span><\/p>\n<div class=\"s11\"><span class=\"s10\">\u2022 <\/span><span class=\"s7\"><span class=\"bumpedFont17\">Destina dos unidades al HGR No. 1 de Culiac\u00e1n y una a cada uno de los hospitales de Mazatl\u00e1n y Los Mochis.<\/span><\/span><\/div>\n<div class=\"s11\"><span class=\"s10\">\u2022 <\/span><span class=\"s7\"><span class=\"bumpedFont17\">Aumenta de 29 a 33 el n\u00famero de ambulancias destinadas al traslado de pacientes en la entidad.<\/span><\/span><\/div>\n<p class=\"s12\" style=\"text-align: center\"><span class=\"s7\"> <img loading=\"lazy\" decoding=\"async\" class=\"alignnone size-medium wp-image-144678\" src=\"https:\/\/plataformanoticias.mx\/wp-content\/uploads\/2026\/09\/de1b71e1-db42-4ccc-a0e7-151569c8434c-300x225.jpeg\" alt=\"\" width=\"300\" height=\"225\" srcset=\"https:\/\/plataformanoticias.mx\/wp-content\/uploads\/2026\/09\/de1b71e1-db42-4ccc-a0e7-151569c8434c-300x225.jpeg 300w, https:\/\/plataformanoticias.mx\/wp-content\/uploads\/2026\/09\/de1b71e1-db42-4ccc-a0e7-151569c8434c-1024x769.jpeg 1024w, https:\/\/plataformanoticias.mx\/wp-content\/uploads\/2026\/09\/de1b71e1-db42-4ccc-a0e7-151569c8434c-768x576.jpeg 768w, https:\/\/plataformanoticias.mx\/wp-content\/uploads\/2026\/09\/de1b71e1-db42-4ccc-a0e7-151569c8434c-1536x1153.jpeg 1536w, https:\/\/plataformanoticias.mx\/wp-content\/uploads\/2026\/09\/de1b71e1-db42-4ccc-a0e7-151569c8434c.jpeg 1600w\" sizes=\"auto, (max-width: 300px) 100vw, 300px\" \/><\/span><\/p>\n<p class=\"s14\"><span class=\"s13\"><span class=\"bumpedFont17\">El Instituto Mexicano del Seguro Social (IMSS) en Sinaloa incorpor\u00f3 cuatro nuevas ambulancias a su parque vehicular, con lo que ampl\u00eda la capacidad de traslado de pacientes en unidades hospitalarias de Culiac\u00e1n, Mazatl\u00e1n y Los Mochis.<\/span><\/span><\/p>\n<p class=\"s14\"><span class=\"s13\"><span class=\"bumpedFont17\">De los veh\u00edculos recibidos, dos fueron asignados al Hospital General Regional (HGR) No. 1 de Culiac\u00e1n; uno al Hospital General de Zona (HGZ) No. 3 de Mazatl\u00e1n y otro al HGZ No. 49 de Los Mochis.<\/span><\/span><\/p>\n<p class=\"s14\"><span class=\"s13\"><span class=\"bumpedFont17\">Con estas incorporaciones, el n\u00famero de ambulancias destinadas al traslado de pacientes en el IMSS Sinaloa aument\u00f3 de 29 a 33 unidades. En particular, el HGR No. 1 de Culiac\u00e1n pas\u00f3 de cinco a siete ambulancias; el HGZ No. 49 de Los Mochis, de tres a cuatro, y el HGZ No. 3 de Mazatl\u00e1n, de cinco a seis.<\/span><\/span><\/p>\n<p class=\"s14\"><span class=\"s13\"><span class=\"bumpedFont17\">La titular del IMSS en <\/span><\/span><span class=\"s13\"><span class=\"bumpedFont17\">la entidad<\/span><\/span><span class=\"s13\"><span class=\"bumpedFont17\">, doctora Tania Clarissa Medina L\u00f3pez, se\u00f1al\u00f3 que la distribuci\u00f3n de las unidades respondi\u00f3 a las necesidades operativas, la demanda de servicios y los requerimientos de movilizaci\u00f3n de pacientes de los tres hospitales beneficiados.<\/span><\/span><\/p>\n<p class=\"s14\"><span class=\"s13\"><span class=\"bumpedFont17\">\u201cAgradecemos al maestro Zo\u00e9 Robledo su apoyo permanente a Sinaloa. La incorporaci\u00f3n de estas ambulancias representa una respuesta concreta a las necesidades de nuestras unidades y nos permite reforzar la seguridad, oportunidad y continuidad de los traslados\u201d, afirm\u00f3.<\/span><\/span><\/p>\n<p class=\"s14\"><span class=\"s13\">\u00a0<\/span><span class=\"s13\"><span class=\"bumpedFont17\">Las cuatro ambulancias cuentan con documentaci\u00f3n vigente, equipo de seguridad, herramientas y equipamiento m\u00e9dico para realizar los traslados en mejores condiciones. Entre sus elementos se encuentran tanques de ox\u00edgeno, camillas con cinturones de seguridad, reanimadores para <\/span><\/span><span class=\"s13\"><span class=\"bumpedFont17\">pacientes neonatales, lactantes, pedi\u00e1tricos y adultos, as\u00ed como equipo para la valoraci\u00f3n y atenci\u00f3n durante el trayecto.<\/span><\/span><\/p>\n<p class=\"s14\"><span class=\"s13\">\u00a0<\/span>Medina L\u00f3pez destac\u00f3 que contar con estas unidades permitir\u00e1 al personal realizar los traslados en mejores condiciones de seguridad y oportunidad, adem\u00e1s de contribuir a la continuidad de la atenci\u00f3n m\u00e9dica.<\/p>\n<p class=\"s14\"><span class=\"s13\">\u00a0<\/span>\u201cCada ambulancia representa capacidad de respuesta, continuidad de la atenci\u00f3n y trabajo coordinado. Detr\u00e1s de cada traslado existe un equipo comprometido con proteger y acompa\u00f1ar a la derechohabiencia\u201d, expres\u00f3.<\/p>\n<p class=\"s14\"><span class=\"s13\">\u00a0<\/span><span class=\"s13\"><span class=\"bumpedFont17\">La <\/span><\/span><span class=\"s13\"><span class=\"bumpedFont17\">delegada <\/span><\/span><span class=\"s13\"><span class=\"bumpedFont17\">reconoci\u00f3 la labor del personal m\u00e9dico, de Enfermer\u00eda, operadores de ambulancia y dem\u00e1s categor\u00edas involucradas en la planeaci\u00f3n y ejecuci\u00f3n de los traslados.<\/span><\/span><\/p>\n<p class=\"s14\"><span class=\"s13\">\u00a0<\/span><span class=\"s13\"><span class=\"bumpedFont17\">Con la incorporaci\u00f3n de estas cuatro unidades, el IMSS <\/span><\/span><span class=\"s13\"><span class=\"bumpedFont17\">en <\/span><\/span><span class=\"s13\"><span class=\"bumpedFont17\">Sinaloa ampl\u00eda su capacidad operativa para atender las necesidades de movilizaci\u00f3n de pacientes y brindar traslados oportunos y seguros a la derechohabiencia.<\/span><\/span><\/p>\n<p class=\"s14\"><span class=\"s13\">\u00a0<\/span><\/p>\n","protected":false},"excerpt":{"rendered":"<p>\u00a0 \u2022 Destina dos unidades al HGR No. 1 de Culiac\u00e1n y una a cada uno de los hospitales de Mazatl\u00e1n y Los Mochis. \u2022 Aumenta de 29 a 33 el n\u00famero de ambulancias destinadas al traslado de pacientes en la entidad. El Instituto Mexicano del Seguro Social (IMSS) en Sinaloa incorpor\u00f3 cuatro nuevas ambulancias<\/p>\n","protected":false},"author":6,"featured_media":144679,"comment_status":"closed","ping_status":"closed","sticky":false,"template":"","format":"standard","meta":{"footnotes":""},"categories":[28],"tags":[],"class_list":["post-144676","post","type-post","status-publish","format-standard","has-post-thumbnail","hentry","category-centro"],"_links":{"self":[{"href":"https:\/\/plataformanoticias.mx\/index.php?rest_route=\/wp\/v2\/posts\/144676","targetHints":{"allow":["GET"]}}],"collection":[{"href":"https:\/\/plataformanoticias.mx\/index.php?rest_route=\/wp\/v2\/posts"}],"about":[{"href":"https:\/\/plataformanoticias.mx\/index.php?rest_route=\/wp\/v2\/types\/post"}],"author":[{"embeddable":true,"href":"https:\/\/plataformanoticias.mx\/index.php?rest_route=\/wp\/v2\/users\/6"}],"replies":[{"embeddable":true,"href":"https:\/\/plataformanoticias.mx\/index.php?rest_route=%2Fwp%2Fv2%2Fcomments&post=144676"}],"version-history":[{"count":1,"href":"https:\/\/plataformanoticias.mx\/index.php?rest_route=\/wp\/v2\/posts\/144676\/revisions"}],"predecessor-version":[{"id":144680,"href":"https:\/\/plataformanoticias.mx\/index.php?rest_route=\/wp\/v2\/posts\/144676\/revisions\/144680"}],"wp:featuredmedia":[{"embeddable":true,"href":"https:\/\/plataformanoticias.mx\/index.php?rest_route=\/wp\/v2\/media\/144679"}],"wp:attachment":[{"href":"https:\/\/plataformanoticias.mx\/index.php?rest_route=%2Fwp%2Fv2%2Fmedia&parent=144676"}],"wp:term":[{"taxonomy":"category","embeddable":true,"href":"https:\/\/plataformanoticias.mx\/index.php?rest_route=%2Fwp%2Fv2%2Fcategories&post=144676"},{"taxonomy":"post_tag","embeddable":true,"href":"https:\/\/plataformanoticias.mx\/index.php?rest_route=%2Fwp%2Fv2%2Ftags&post=144676"}],"curies":[{"name":"wp","href":"https:\/\/api.w.org\/{rel}","templated":true}]}}