{"id":144685,"date":"2026-09-03T21:28:42","date_gmt":"2026-09-04T04:28:42","guid":{"rendered":"https:\/\/plataformanoticias.mx\/?p=144685"},"modified":"2026-09-03T21:28:42","modified_gmt":"2026-09-04T04:28:42","slug":"denuncian-presunto-dano-intencional-a-palmeras-de-los-mochis-piden-investigar-quien-las-esta-secando","status":"publish","type":"post","link":"https:\/\/plataformanoticias.mx\/?p=144685","title":{"rendered":"Denuncian presunto da\u00f1o intencional a palmeras de Los Mochis; piden investigar qui\u00e9n las est\u00e1 secando"},"content":{"rendered":"<p>&nbsp;<\/p>\n<p><strong>Los Mochis, Sinaloa<\/strong>.\u2013 Crece la preocupaci\u00f3n entre ciudadanos por el deterioro y muerte de palmeras y \u00e1rboles en distintos sectores de la ciudad, particularmente en zonas que en los \u00faltimos a\u00f1os han tenido desarrollo comercial.<\/p>\n<p>A trav\u00e9s de videos e im\u00e1genes difundidos en redes sociales, ciudadanos denunciaron lo que consideran un posible da\u00f1o deliberado a ejemplares de palma, luego de captar a dos personas realizando maniobras sospechosas en el tallo de una de ellas.<\/p>\n<p><img loading=\"lazy\" decoding=\"async\" class=\"size-medium wp-image-144688\" src=\"https:\/\/plataformanoticias.mx\/wp-content\/uploads\/2026\/09\/IMG_8236-200x300.jpeg\" alt=\"\" width=\"200\" height=\"300\" srcset=\"https:\/\/plataformanoticias.mx\/wp-content\/uploads\/2026\/09\/IMG_8236-200x300.jpeg 200w, https:\/\/plataformanoticias.mx\/wp-content\/uploads\/2026\/09\/IMG_8236-682x1024.jpeg 682w, https:\/\/plataformanoticias.mx\/wp-content\/uploads\/2026\/09\/IMG_8236-768x1154.jpeg 768w, https:\/\/plataformanoticias.mx\/wp-content\/uploads\/2026\/09\/IMG_8236-1022x1536.jpeg 1022w, https:\/\/plataformanoticias.mx\/wp-content\/uploads\/2026\/09\/IMG_8236.jpeg 1206w\" sizes=\"auto, (max-width: 200px) 100vw, 200px\" \/><\/p>\n<p>Las im\u00e1genes muestran palmeras que presentan hojas completamente secas y signos evidentes de deterioro. En el caso ubicado en el cruce de Rosales y Valdez, ciudadanos aseguran que estos ejemplares anteriormente luc\u00edan verdes y formaban parte de la vegetaci\u00f3n que adornaba una propiedad que hoy es un terreno cercado.<\/p>\n<p>La denuncia cobra mayor relevancia luego de que se observaran perforaciones en los tallos, ante la sospecha de que pudieran estar siendo utilizadas para introducir alguna sustancia que provoque el da\u00f1o de los \u00e1rboles.<\/p>\n<p>Ante estos se\u00f1alamientos, ciudadanos piden a la Direcci\u00f3n de Ecolog\u00eda del Ayuntamiento de Ahome realizar una inspecci\u00f3n, determinar cient\u00edficamente qu\u00e9 est\u00e1 provocando la muerte de las palmeras y, en caso de comprobarse una acci\u00f3n intencional, identificar y sancionar a los responsables.<\/p>\n","protected":false},"excerpt":{"rendered":"<p>&nbsp; Los Mochis, Sinaloa.\u2013 Crece la preocupaci\u00f3n entre ciudadanos por el deterioro y muerte de palmeras y \u00e1rboles en distintos sectores de la ciudad, particularmente en zonas que en los \u00faltimos a\u00f1os han tenido desarrollo comercial. A trav\u00e9s de videos e im\u00e1genes difundidos en redes sociales, ciudadanos denunciaron lo que consideran un posible da\u00f1o deliberado<\/p>\n","protected":false},"author":6,"featured_media":144688,"comment_status":"closed","ping_status":"closed","sticky":false,"template":"","format":"standard","meta":{"footnotes":""},"categories":[38],"tags":[],"class_list":["post-144685","post","type-post","status-publish","format-standard","has-post-thumbnail","hentry","category-locales"],"_links":{"self":[{"href":"https:\/\/plataformanoticias.mx\/index.php?rest_route=\/wp\/v2\/posts\/144685","targetHints":{"allow":["GET"]}}],"collection":[{"href":"https:\/\/plataformanoticias.mx\/index.php?rest_route=\/wp\/v2\/posts"}],"about":[{"href":"https:\/\/plataformanoticias.mx\/index.php?rest_route=\/wp\/v2\/types\/post"}],"author":[{"embeddable":true,"href":"https:\/\/plataformanoticias.mx\/index.php?rest_route=\/wp\/v2\/users\/6"}],"replies":[{"embeddable":true,"href":"https:\/\/plataformanoticias.mx\/index.php?rest_route=%2Fwp%2Fv2%2Fcomments&post=144685"}],"version-history":[{"count":1,"href":"https:\/\/plataformanoticias.mx\/index.php?rest_route=\/wp\/v2\/posts\/144685\/revisions"}],"predecessor-version":[{"id":144689,"href":"https:\/\/plataformanoticias.mx\/index.php?rest_route=\/wp\/v2\/posts\/144685\/revisions\/144689"}],"wp:featuredmedia":[{"embeddable":true,"href":"https:\/\/plataformanoticias.mx\/index.php?rest_route=\/wp\/v2\/media\/144688"}],"wp:attachment":[{"href":"https:\/\/plataformanoticias.mx\/index.php?rest_route=%2Fwp%2Fv2%2Fmedia&parent=144685"}],"wp:term":[{"taxonomy":"category","embeddable":true,"href":"https:\/\/plataformanoticias.mx\/index.php?rest_route=%2Fwp%2Fv2%2Fcategories&post=144685"},{"taxonomy":"post_tag","embeddable":true,"href":"https:\/\/plataformanoticias.mx\/index.php?rest_route=%2Fwp%2Fv2%2Ftags&post=144685"}],"curies":[{"name":"wp","href":"https:\/\/api.w.org\/{rel}","templated":true}]}}