{"id":144690,"date":"2026-09-03T21:43:00","date_gmt":"2026-09-04T04:43:00","guid":{"rendered":"https:\/\/plataformanoticias.mx\/?p=144690"},"modified":"2026-09-03T21:43:00","modified_gmt":"2026-09-04T04:43:00","slug":"convoca-gobierno-de-ahome-a-participar-en-el-premio-municipal-de-la-juventud-2026","status":"publish","type":"post","link":"https:\/\/plataformanoticias.mx\/?p=144690","title":{"rendered":"Convoca Gobierno de Ahome a participar en el Premio Municipal de la Juventud 2026."},"content":{"rendered":"<p class=\"s6\"><span class=\"s7\">El <\/span><span class=\"s7\">Director<\/span><span class=\"s7\"> del IMJU, Alejandro Caballero Fierro, inform\u00f3 que podr\u00e1n participar j\u00f3venes de 12 a 29 a\u00f1os en seis categor\u00edas; la convocatoria cierra el 2 de octubre y contempla una bolsa de 60 mil pesos en premios<\/span><span class=\"s7\">&#8230;<\/span><\/p>\n<p class=\"s6\"><span class=\"s9\">\u00a0<\/span><\/p>\n<p class=\"s6\"><strong><span class=\"s9\"><span class=\"bumpedFont15\">Los Mochis, <\/span><\/span><span class=\"s9\"><span class=\"bumpedFont15\">Ahome, <\/span><\/span><span class=\"s9\"><span class=\"bumpedFont15\">Sinaloa<\/span><\/span><span class=\"s9\"><span class=\"bumpedFont15\">.-<\/span><\/span><\/strong><span class=\"s9\"><span class=\"bumpedFont15\">\u00a0<\/span><\/span><span class=\"s10\"><span class=\"bumpedFont15\">El Gobierno Municipal de Ahome, a trav\u00e9s del Instituto Municipal de la Juventud (IMJU), abri\u00f3 la convocatoria para participar en el Premio Municipal de la Juventud 2026, dirigido a j\u00f3venes de entre 12 y 29 a\u00f1os que destaquen por su trayectoria, esfuerzo, dedicaci\u00f3n y aportaciones a la sociedad.<\/span><\/span><\/p>\n<p class=\"s6\"><span class=\"s10\">\u00a0<\/span><\/p>\n<p class=\"s6\"><span class=\"s10\"><span class=\"bumpedFont15\">Alejandro Caballero Fierro, <\/span><\/span><span class=\"s10\"><span class=\"bumpedFont15\">Director<\/span><\/span><span class=\"s10\"><span class=\"bumpedFont15\"> del Instituto Municipal de la Juventud, explic\u00f3 que este reconocimiento es uno de los eventos m\u00e1s importantes que realiza el Ayuntamiento para destacar el talento y compromiso de las nuevas generaciones, bajo el impulso del <\/span><\/span><span class=\"s10\"><span class=\"bumpedFont15\">Presidente<\/span><\/span><span class=\"s10\"><span class=\"bumpedFont15\"> Municipal Antonio Men\u00e9ndez de Llano Berm\u00fadez.<\/span><\/span><\/p>\n<p class=\"s6\"><span class=\"s10\">\u00a0<\/span><\/p>\n<p class=\"s6\"><span class=\"s10\"><span class=\"bumpedFont15\">\u201cEs algo que mueve a todos los j\u00f3venes de nuestro municipio, algo esperado todo el a\u00f1o. Es uno de los reconocimientos m\u00e1s importantes que hace nuestro Ayuntamiento en el tema de juventud\u201d, expres\u00f3.<\/span><\/span><\/p>\n<p class=\"s6\"><span class=\"s10\">\u00a0<\/span><\/p>\n<p class=\"s6\"><span class=\"s10\"><span class=\"bumpedFont15\">Detall\u00f3 que la convocatoria contempla seis categor\u00edas: Cultural, C\u00edvico Social, Deportivo, Logro Acad\u00e9mico, Emprendimiento, y Discapacidad e Inclusi\u00f3n.<\/span><\/span><\/p>\n<p class=\"s6\"><span class=\"s10\">\u00a0<\/span><\/p>\n<p class=\"s6\"><span class=\"s10\"><span class=\"bumpedFont15\">Mar<\/span><\/span><span class=\"s10\"><span class=\"bumpedFont15\">iajose <\/span><\/span><span class=\"s10\"><span class=\"bumpedFont15\">Bernal, encargada de Planeaci\u00f3n del IMJU, inform\u00f3 que para el registro se deber\u00e1 anexar evidencia de proyectos, actividades, fotograf\u00edas, reconocimientos o medallas correspondientes al periodo de enero de 2025 a septiembre de 2026, en un documento con un m\u00e1ximo de 20 p\u00e1ginas.<\/span><\/span><\/p>\n<p class=\"s6\"><span class=\"s10\">\u00a0<\/span><\/p>\n<p class=\"s6\"><span class=\"s10\"><span class=\"bumpedFont15\">Tambi\u00e9n deber\u00e1n presentar una carta dirigida al <\/span><\/span><span class=\"s10\"><span class=\"bumpedFont15\">Presidente<\/span><\/span><span class=\"s10\"><span class=\"bumpedFont15\">Municipal Antonio Men\u00e9ndez de Llano Berm\u00fadez, con atenci\u00f3n al <\/span><\/span><span class=\"s10\"><span class=\"bumpedFont15\">Director<\/span><\/span><span class=\"s10\"><span class=\"bumpedFont15\"> del IMJU, Alejandro Caballero Fierro, en la que se especifique la categor\u00eda en la que desean participar y los motivos de la postulaci\u00f3n, con una extensi\u00f3n m\u00e1xima de tres p\u00e1ginas.<\/span><\/span><\/p>\n<p class=\"s6\"><span class=\"s10\">\u00a0<\/span><\/p>\n<p class=\"s6\"><span class=\"s10\"><span class=\"bumpedFont15\">Entre los requisitos tambi\u00e9n se encuentran copia del acta de nacimiento e identificaci\u00f3n con fotograf\u00eda. En el caso de menores de edad deber\u00e1 presentarse identificaci\u00f3n del padre, madre o tutor, adem\u00e1s de la credencial estudiantil del participante.<\/span><\/span><\/p>\n<p class=\"s6\"><span class=\"s10\">\u00a0<\/span><\/p>\n<p class=\"s6\"><span class=\"s10\"><span class=\"bumpedFont15\">Quienes no sean originarios del municipio deber\u00e1n acreditar al menos dos a\u00f1os de residencia en Ahome mediante una carta expedida por la Direcci\u00f3n de Inspecci\u00f3n y Normatividad.<\/span><\/span><\/p>\n<p class=\"s6\"><span class=\"s10\">\u00a0<\/span><\/p>\n<p class=\"s6\"><span class=\"s10\"><span class=\"bumpedFont15\">Por su parte, Christian Villase\u00f1or, <\/span><\/span><span class=\"s10\"><span class=\"bumpedFont15\">Secretario<\/span><\/span><span class=\"s10\"><span class=\"bumpedFont15\"> del IMJU, inform\u00f3 que el periodo de inscripci\u00f3n inicia este 2 de septiembre y concluir\u00e1 el viernes 2 de octubre.<\/span><\/span><\/p>\n<p class=\"s6\"><span class=\"s10\">\u00a0<\/span><\/p>\n<p class=\"s6\"><span class=\"s10\"><span class=\"bumpedFont15\">Los documentos podr\u00e1n entregarse de manera presencial en las oficinas del Instituto Municipal de la Juventud, ubicadas en calle Nezahualc\u00f3yotl n\u00famero 179, colonia Bienestar, con horario de lunes a viernes de 8:00 de la ma\u00f1ana a 3:00 de la tarde y los s\u00e1bados de 9:00 de la ma\u00f1ana a 12:00 del mediod\u00eda.<\/span><\/span><\/p>\n<p class=\"s6\"><span class=\"s10\">\u00a0<\/span><\/p>\n<p class=\"s6\"><span class=\"s10\"><span class=\"bumpedFont15\">Tambi\u00e9n podr\u00e1n enviarse al correo premio.juventudahome@gmail.com, con el asunto \u201cPremio Municipal de la Juventud 2026\u201d y la categor\u00eda en la cual se desea participar.<\/span><\/span><\/p>\n<p class=\"s6\"><span class=\"s10\">\u00a0<\/span><\/p>\n<p class=\"s6\"><span class=\"s10\"><span class=\"bumpedFont15\">Christian Villase\u00f1or<\/span><\/span> <span class=\"s10\"><span class=\"bumpedFont15\">detall\u00f3 que en cada una de las seis categor\u00edas se entregar\u00e1n 5 mil pesos al primer lugar, 3 mil pesos al segundo y 2 mil pesos al tercero, para una bolsa total de 60 mil pesos en est\u00edmulos econ\u00f3micos.<\/span><\/span><\/p>\n<p class=\"s6\"><span class=\"s10\">\u00a0<\/span><\/p>\n<p class=\"s6\"><span class=\"s10\"><span class=\"bumpedFont15\">Adem\u00e1s, todos los participantes recibir\u00e1n un reconocimiento por parte del Ayuntamiento de Ahome y del Instituto Municipal de la Juventud.<\/span><\/span><\/p>\n<p class=\"s6\"><span class=\"s10\">\u00a0<\/span><\/p>\n<p class=\"s6\"><span class=\"s10\"><span class=\"bumpedFont15\">Cabe mencionar que l<\/span><\/span><span class=\"s10\"><span class=\"bumpedFont15\">a convocatoria establece que quienes hayan obtenido primero, segundo o tercer lugar en ediciones anteriores no podr\u00e1n participar nuevamente en la misma categor\u00eda, aunque podr\u00e1n postularse en otra siempre que presenten aportaciones distintas a las que fueron reconocidas anteriormente.<\/span><\/span><\/p>\n","protected":false},"excerpt":{"rendered":"<p>El Director del IMJU, Alejandro Caballero Fierro, inform\u00f3 que podr\u00e1n participar j\u00f3venes de 12 a 29 a\u00f1os en seis categor\u00edas; la convocatoria cierra el 2 de octubre y contempla una bolsa de 60 mil pesos en premios&#8230; \u00a0 Los Mochis, Ahome, Sinaloa.-\u00a0El Gobierno Municipal de Ahome, a trav\u00e9s del Instituto Municipal de la Juventud (IMJU),<\/p>\n","protected":false},"author":6,"featured_media":144692,"comment_status":"closed","ping_status":"closed","sticky":false,"template":"","format":"standard","meta":{"footnotes":""},"categories":[38],"tags":[],"class_list":["post-144690","post","type-post","status-publish","format-standard","has-post-thumbnail","hentry","category-locales"],"_links":{"self":[{"href":"https:\/\/plataformanoticias.mx\/index.php?rest_route=\/wp\/v2\/posts\/144690","targetHints":{"allow":["GET"]}}],"collection":[{"href":"https:\/\/plataformanoticias.mx\/index.php?rest_route=\/wp\/v2\/posts"}],"about":[{"href":"https:\/\/plataformanoticias.mx\/index.php?rest_route=\/wp\/v2\/types\/post"}],"author":[{"embeddable":true,"href":"https:\/\/plataformanoticias.mx\/index.php?rest_route=\/wp\/v2\/users\/6"}],"replies":[{"embeddable":true,"href":"https:\/\/plataformanoticias.mx\/index.php?rest_route=%2Fwp%2Fv2%2Fcomments&post=144690"}],"version-history":[{"count":1,"href":"https:\/\/plataformanoticias.mx\/index.php?rest_route=\/wp\/v2\/posts\/144690\/revisions"}],"predecessor-version":[{"id":144693,"href":"https:\/\/plataformanoticias.mx\/index.php?rest_route=\/wp\/v2\/posts\/144690\/revisions\/144693"}],"wp:featuredmedia":[{"embeddable":true,"href":"https:\/\/plataformanoticias.mx\/index.php?rest_route=\/wp\/v2\/media\/144692"}],"wp:attachment":[{"href":"https:\/\/plataformanoticias.mx\/index.php?rest_route=%2Fwp%2Fv2%2Fmedia&parent=144690"}],"wp:term":[{"taxonomy":"category","embeddable":true,"href":"https:\/\/plataformanoticias.mx\/index.php?rest_route=%2Fwp%2Fv2%2Fcategories&post=144690"},{"taxonomy":"post_tag","embeddable":true,"href":"https:\/\/plataformanoticias.mx\/index.php?rest_route=%2Fwp%2Fv2%2Ftags&post=144690"}],"curies":[{"name":"wp","href":"https:\/\/api.w.org\/{rel}","templated":true}]}}