{"id":144694,"date":"2026-09-03T21:43:58","date_gmt":"2026-09-04T04:43:58","guid":{"rendered":"https:\/\/plataformanoticias.mx\/?p=144694"},"modified":"2026-09-03T21:43:58","modified_gmt":"2026-09-04T04:43:58","slug":"dan-lectura-a-seis-nuevas-iniciativas-en-diputacion-permanente","status":"publish","type":"post","link":"https:\/\/plataformanoticias.mx\/?p=144694","title":{"rendered":"Dan lectura a seis nuevas iniciativas en Diputaci\u00f3n Permanente"},"content":{"rendered":"<p><strong>Culiac\u00e1n, Sinaloa<\/strong>.- La Diputaci\u00f3n Permanente del Congreso del Estado dio lectura este jueves a seis nuevas iniciativas, de las cuales cuatro proponen reformas y adiciones diversas al C\u00f3digo Penal para el Estado de Sinaloa.<\/p>\n<p>Las iniciativas le\u00eddas son las siguientes:<\/p>\n<p>*Iniciativa de la diputada Erika Rub\u00ed Mart\u00ednez Rodr\u00edguez, de Morena, que propone reformas y adiciones diversas al C\u00f3digo Penal para el Estado de Sinaloa, en materia de violencia familiar.<br \/>\nSe propone reformar el segundo p\u00e1rrafo del art\u00edculo 241 Bis para elevar la pena m\u00ednima a tres a\u00f1os (la pena vigente es de un a\u00f1o) para quienes cometan el delito de violencia familiar, y tambi\u00e9n que pierdan los derechos que tenga respecto a la v\u00edctimas, incluidos los sucesorios, adem\u00e1s de que la persona victimaria deber\u00e1 ser sujeta a tratamiento psicoterap\u00e9utico o reeducativo especializado, a trav\u00e9s de instituciones p\u00fablicas o privadas, cuyos servicios deber\u00e1n ser integrales, especializados y gratuitos con el fin de erradicar las conductas violentas y la eliminaci\u00f3n de los estereotipos de supremac\u00eda masculina, y los patrones machistas que generaron la violencia.<br \/>\nDe igual manera se propone que las penas establecidas:<br \/>\nSe aumentar\u00e1n hasta en una tercera parte:<br \/>\nl. Cuando exista reincidencia por la parte activa;<br \/>\nII. Cuando existan datos que establezcan que se han cometido amenazas o advertencias de causar alg\u00fan da\u00f1o, en contra de la v\u00edctima;<br \/>\nIII. El delito sea cometido de manera reiterada en contra de la v\u00edctima o sus hijos e hijas;<br \/>\nIV. Cuando la violencia familiar se cometa en presencia de ni\u00f1as, ni\u00f1os o adolescentes;<br \/>\nV. Cuando la v\u00edctima fuera un menor de edad, incapaz persona discapacitada, adulta mayor, embarazada o tenga hasta tres meses posteriores al parto. Entre otras propuestas.<\/p>\n<p>*Iniciativa de la diputada Moncerrat L\u00f3pez L\u00f3pez, del PT, que propone adicionar un p\u00e1rrafo tercero al art\u00edculo 272 del C\u00f3digo Penal para el Estado de Sinaloa, en materia de sancionar el ejercicio ilegal de la medicina y establecer agravantes cuando se afecte la salud o la vida de las personas.<br \/>\nEl citado art\u00edculo establece que: Al que sin serlo, se atribuya el car\u00e1cter de profesionista, ofrezca p\u00fablicamente sus servicios como tal o realice actividades propias de una profesi\u00f3n sin tener el t\u00edtulo correspondiente o sin la debida autorizaci\u00f3n, se le impondr\u00e1 prisi\u00f3n de tres meses a cinco a\u00f1os y de veinte a doscientos d\u00edas multa.<br \/>\nLa propuesta tambi\u00e9n propone adicionar lo siguiente:<br \/>\n\u201cCuando derivado de los supuestos de este art\u00edculo consistan en la realizaci\u00f3n de procedimientos quir\u00fargicos, invasivos o actos propios de la medicina que requieran t\u00edtulo profesional, c\u00e9dula profesional, certificaci\u00f3n o especialidad m\u00e9dica, se impondr\u00e1 de tres a cinco a\u00f1os de prisi\u00f3n y de cien a doscientos d\u00edas multa.<br \/>\n\u201cSi como consecuencia de dichas conductas se producen lesiones, incapacidad permanente, o que puedan poner en riesgo la salud, integridad o vida de las personas, las penas se aumentar\u00e1n hasta en una mitad\u201d.<\/p>\n<p>*Iniciativa del Grupo Parlamentario del PRI que propone adicionar el cap\u00edtulo IV denominado \u201cAcecho\u201d al t\u00edtulo Quinto\u201d, denominado \u201cDelitos contra la paz y la seguridad de las personas\u201d con el art\u00edculo 175 Bis A, al C\u00f3digo Penal para el Estado de Sinaloa, en materia de acecho.<br \/>\nLa propuesta consiste en establecer que:<br \/>\n\u201cComete el delito de acecho quien, con la intenci\u00f3n de intimidar o generar zozobra, de manera reiterada y persistente, por cualquier medio f\u00edsico o tecnol\u00f3gico, vigile, persiga, busque contacto no deseado, establezca comunicaci\u00f3n no consentida con una persona, atentando contra su seguridad, libertad de tr\u00e1nsito e intimidad, de tal forma que altere su normal desarrollo de vida o le provoque miedo, angustia o ansiedad.<br \/>\n\u201cEste delito se perseguir\u00e1 de oficio cuando la v\u00edctima sea persona menor de edad o se encuentre en situaci\u00f3n de vulnerabilidad, y al responsable se le impondr\u00e1 de tres meses a dos a\u00f1os de prisi\u00f3n y de cinco a veinte d\u00edas multa, sin perjuicio de aplicar las agravantes previstas en esta ley cuando la conducta se cometa contra una mujer en raz\u00f3n de su g\u00e9nero\u201d.<\/p>\n<p>*Iniciativa de la diputada Rita Fierro Reyes, de Morena, que propone reformas y adiciones diversas a la Ley de Movilidad Sustentable y Seguridad Vial del Estado de Sinaloa, en materia de regular los veh\u00edculos de movilidad no motorizados y scooters el\u00e9ctricos, reconociendo los derechos y obligaciones de sus personas usuarias.<br \/>\nLa propuesta es incluir como veh\u00edculos no motorizados a \u201cveh\u00edculos recreativos como patines, patinetas y monopatines; veh\u00edculos utilizados para transporte personal, aquellos dise\u00f1ados para desplazar a una persona como patinetes el\u00e9ctricos, monopatines con manubrio o scooter el\u00e9ctricos\u201d.<br \/>\nDe igual manera se propone adicionar que:<br \/>\nLos usuarios de veh\u00edculos no motorizados utilizados para transporte personal, deber\u00e1n observar las siguientes disposiciones:<br \/>\nl. Circular\u00e1n en la ciclov\u00eda o en el carril de extrema derecha lo m\u00e1s cerca posible del borde cuando las vialidades sobre las que transiten no cuenten con dicha infraestructura;<br \/>\nII. No circular a m\u00e1s de veinticinco kil\u00f3metros por hora en cualquier v\u00eda que transiten;<br \/>\nIII. Solo podr\u00e1 ser utilizado por una persona;<br \/>\nIV. No podr\u00e1n circular en sentido contrario, entre veh\u00edculos, sobre las banquetas, zonas peatonales, carriles centrales o interiores de las v\u00edas de acceso controlado, puentes, pasos a desnivel, carreteras y en aquellas que existan se\u00f1alamientos que restrinjan su circulaci\u00f3n.<br \/>\nV. Al circular por las vialidades, en los casos de cambio de carril o viraje en alguna intersecci\u00f3n deber\u00e1 previamente se\u00f1alar el sentido del movimiento a trav\u00e9s de alg\u00fan medio adecuado que permita su conocimiento a los dem\u00e1s usuarios de la v\u00eda. Entre otras propuestas.<\/p>\n<p>*Iniciativa de las ciudadanas y ciudadanos Lucero Alinuh\u00ed Jim\u00e9nez Boj\u00f3rquez, Flor Leticia Casta\u00f1os Monjard\u00edn, y otros, que propone reformas y adiciones diversas a la Ley de Educaci\u00f3n para el Estado de Sinaloa, en materia de fortalecimiento del enfoque intercultural y de construcci\u00f3n de paz en el sistema educativo.<br \/>\nSe propone fortalecer el enfoque intercultural y de paz en el sistema educativo. En t\u00e9rminos generales con los objetivos de:<br \/>\nI) Visibilizar a los pueblos ind\u00edgenas como sujetos de derechos,<br \/>\nII) Reconocer su identidad cultural como valor educativo,<br \/>\nIII) Incorporar como objetivo formal de la educaci\u00f3n la ense\u00f1anza y aprendizaje de la identidad, valores \u00e9tnicos y cosmovisi\u00f3n ind\u00edgena, y<br \/>\nIV) Promover un modelo educativo que contribuya a la inclusi\u00f3n, disminuci\u00f3n de brechas y prevenci\u00f3n de la discriminaci\u00f3n.<br \/>\nTiene como objetivo que el Estado garantice que la educaci\u00f3n b\u00e1sica y media superior integren contenidos y estrategias para promover la diversidad \u00e9tnica y cultural como parte de la formaci\u00f3n integral del alumnado.<br \/>\nEsto incluye no solo elementos conceptuales, sino acciones pedag\u00f3gicas orientadas a fortalecer el respeto a la identidad ind\u00edgena, as\u00ed como su reconocimiento como patrimonio vivo de Sinaloa.<\/p>\n<p>*Iniciativa del Grupo Parlamentario del PAS y las ciudadanas Rosa Emma Contreras Villapudua y Paula Liliana D\u00edaz Qui\u00f1\u00f3nez, que propone reformas y adiciones diversas de las leyes de Salud y de Seguridad P\u00fablica, en materia de fortalecer la medicina prehospitalaria mediante tecnolog\u00edas de la informaci\u00f3n y coordinaci\u00f3n interinstitucional<br \/>\nLa iniciativa propone:<br \/>\n\u201cPromover el desarrollo de los servicios de salud con base en la integraci\u00f3n de las tecnolog\u00edas de la informaci\u00f3n, las comunicaciones y la telemedicina prehospitalaria para ampliar la cobertura y mejorar la calidad de atenci\u00f3n a la salud\u201d.<br \/>\nEn lo que es la telemedicina prehospitalria se propone establecer lo siguiente:<br \/>\n\u201cLa telemedicina prehospitalaria tendr\u00e1 como car\u00e1cter prioritario la prestaci\u00f3n de servicios m\u00e9dicos a distancia, mediante tecnolog\u00edas de la informaci\u00f3n y comunicaci\u00f3n, con fines de orientaci\u00f3n, diagn\u00f3stico, atenci\u00f3n inicial o seguimiento cl\u00ednico, en situaciones de urgencia o emergencia, bajo los lineamientos que emita la Secretar\u00eda de Salud.<br \/>\n\u201cEl Centro de Comando, Control, Comunicaciones, C\u00f3mputo e Inteligencia de la Secretar\u00eda de Seguridad P\u00fablica, brindar\u00e1 los servicios de telemedicina prehospitalaria y podr\u00e1n ser prestados por instituciones p\u00fablicas, privadas y sociales del Sistema Estatal de Salud, bajo la rector\u00eda de la Secretar\u00eda de Salud, y conforme a las disposiciones legales y normativas vigentes\u201d.<br \/>\nAsimismo, se propone establecer que \u201cToda persona tiene derecho al acceso igualitario y no discriminatorio a los servicios de telemedicina prehospitalaria, los cuales deber\u00e1n prestarse con est\u00e1ndares de seguridad, calidad, eficacia, equidad, interculturalidad, y respeto a los derechos humanos\u201d. Entre otras propuestas.<\/p>\n","protected":false},"excerpt":{"rendered":"<p>Culiac\u00e1n, Sinaloa.- La Diputaci\u00f3n Permanente del Congreso del Estado dio lectura este jueves a seis nuevas iniciativas, de las cuales cuatro proponen reformas y adiciones diversas al C\u00f3digo Penal para el Estado de Sinaloa. Las iniciativas le\u00eddas son las siguientes: *Iniciativa de la diputada Erika Rub\u00ed Mart\u00ednez Rodr\u00edguez, de Morena, que propone reformas y adiciones<\/p>\n","protected":false},"author":6,"featured_media":144696,"comment_status":"closed","ping_status":"closed","sticky":false,"template":"","format":"standard","meta":{"footnotes":""},"categories":[31],"tags":[],"class_list":["post-144694","post","type-post","status-publish","format-standard","has-post-thumbnail","hentry","category-politica"],"_links":{"self":[{"href":"https:\/\/plataformanoticias.mx\/index.php?rest_route=\/wp\/v2\/posts\/144694","targetHints":{"allow":["GET"]}}],"collection":[{"href":"https:\/\/plataformanoticias.mx\/index.php?rest_route=\/wp\/v2\/posts"}],"about":[{"href":"https:\/\/plataformanoticias.mx\/index.php?rest_route=\/wp\/v2\/types\/post"}],"author":[{"embeddable":true,"href":"https:\/\/plataformanoticias.mx\/index.php?rest_route=\/wp\/v2\/users\/6"}],"replies":[{"embeddable":true,"href":"https:\/\/plataformanoticias.mx\/index.php?rest_route=%2Fwp%2Fv2%2Fcomments&post=144694"}],"version-history":[{"count":1,"href":"https:\/\/plataformanoticias.mx\/index.php?rest_route=\/wp\/v2\/posts\/144694\/revisions"}],"predecessor-version":[{"id":144697,"href":"https:\/\/plataformanoticias.mx\/index.php?rest_route=\/wp\/v2\/posts\/144694\/revisions\/144697"}],"wp:featuredmedia":[{"embeddable":true,"href":"https:\/\/plataformanoticias.mx\/index.php?rest_route=\/wp\/v2\/media\/144696"}],"wp:attachment":[{"href":"https:\/\/plataformanoticias.mx\/index.php?rest_route=%2Fwp%2Fv2%2Fmedia&parent=144694"}],"wp:term":[{"taxonomy":"category","embeddable":true,"href":"https:\/\/plataformanoticias.mx\/index.php?rest_route=%2Fwp%2Fv2%2Fcategories&post=144694"},{"taxonomy":"post_tag","embeddable":true,"href":"https:\/\/plataformanoticias.mx\/index.php?rest_route=%2Fwp%2Fv2%2Ftags&post=144694"}],"curies":[{"name":"wp","href":"https:\/\/api.w.org\/{rel}","templated":true}]}}