{"id":144699,"date":"2026-09-03T21:45:49","date_gmt":"2026-09-04T04:45:49","guid":{"rendered":"https:\/\/plataformanoticias.mx\/?p=144699"},"modified":"2026-09-03T21:45:49","modified_gmt":"2026-09-04T04:45:49","slug":"congreso-recibe-informe-semestral-de-sipinna-sobre-acciones-en-favor-de-la-ninez-y-adolescencias","status":"publish","type":"post","link":"https:\/\/plataformanoticias.mx\/?p=144699","title":{"rendered":"Congreso recibe informe semestral de SIPINNA sobre acciones en favor de la ni\u00f1ez y adolescencias"},"content":{"rendered":"<p><strong>Culiac\u00e1n, Sinaloa<\/strong>.- En la Sesi\u00f3n Ordinaria de la Diputaci\u00f3n Permanente del Congreso del Estado realizada este jueves, se inform\u00f3 sobre la recepci\u00f3n del Informe de Actividades de la Secretar\u00eda Ejecutiva del Sistema Estatal de Protecci\u00f3n Integral de los Derechos de Ni\u00f1as, Ni\u00f1os y Adolescentes correspondiente al periodo de enero a junio de 2026, documento en el que se reportan las estrategias y resultados impulsados para fortalecer la protecci\u00f3n integral de la ni\u00f1ez y la adolescencia en Sinaloa.<\/p>\n<p>Entre las principales acciones destacan la coordinaci\u00f3n con los 20 Sistemas Municipales de SIPINNA mediante sesiones ordinarias, el seguimiento al Programa Estatal de Protecci\u00f3n Integral (y la instalaci\u00f3n del Consejo Consultivo Estatal de Ni\u00f1as, Ni\u00f1os y Adolescentes, con el prop\u00f3sito de fortalecer la participaci\u00f3n infantil y la articulaci\u00f3n de pol\u00edticas p\u00fablicas en favor de este sector.<\/p>\n<p>El informe tambi\u00e9n resalta la creaci\u00f3n de la Mesa Interinstitucional para el Bienestar Emocional de la Infancia y Adolescencia, as\u00ed como el impulso de estrategias para prevenir la violencia, erradicar el trabajo infantil y garantizar entornos seguros, mediante la colaboraci\u00f3n entre dependencias estatales, organismos nacionales y organizaciones de la sociedad civil.<\/p>\n","protected":false},"excerpt":{"rendered":"<p>Culiac\u00e1n, Sinaloa.- En la Sesi\u00f3n Ordinaria de la Diputaci\u00f3n Permanente del Congreso del Estado realizada este jueves, se inform\u00f3 sobre la recepci\u00f3n del Informe de Actividades de la Secretar\u00eda Ejecutiva del Sistema Estatal de Protecci\u00f3n Integral de los Derechos de Ni\u00f1as, Ni\u00f1os y Adolescentes correspondiente al periodo de enero a junio de 2026, documento en<\/p>\n","protected":false},"author":6,"featured_media":144701,"comment_status":"closed","ping_status":"closed","sticky":false,"template":"","format":"standard","meta":{"footnotes":""},"categories":[31],"tags":[],"class_list":["post-144699","post","type-post","status-publish","format-standard","has-post-thumbnail","hentry","category-politica"],"_links":{"self":[{"href":"https:\/\/plataformanoticias.mx\/index.php?rest_route=\/wp\/v2\/posts\/144699","targetHints":{"allow":["GET"]}}],"collection":[{"href":"https:\/\/plataformanoticias.mx\/index.php?rest_route=\/wp\/v2\/posts"}],"about":[{"href":"https:\/\/plataformanoticias.mx\/index.php?rest_route=\/wp\/v2\/types\/post"}],"author":[{"embeddable":true,"href":"https:\/\/plataformanoticias.mx\/index.php?rest_route=\/wp\/v2\/users\/6"}],"replies":[{"embeddable":true,"href":"https:\/\/plataformanoticias.mx\/index.php?rest_route=%2Fwp%2Fv2%2Fcomments&post=144699"}],"version-history":[{"count":1,"href":"https:\/\/plataformanoticias.mx\/index.php?rest_route=\/wp\/v2\/posts\/144699\/revisions"}],"predecessor-version":[{"id":144702,"href":"https:\/\/plataformanoticias.mx\/index.php?rest_route=\/wp\/v2\/posts\/144699\/revisions\/144702"}],"wp:featuredmedia":[{"embeddable":true,"href":"https:\/\/plataformanoticias.mx\/index.php?rest_route=\/wp\/v2\/media\/144701"}],"wp:attachment":[{"href":"https:\/\/plataformanoticias.mx\/index.php?rest_route=%2Fwp%2Fv2%2Fmedia&parent=144699"}],"wp:term":[{"taxonomy":"category","embeddable":true,"href":"https:\/\/plataformanoticias.mx\/index.php?rest_route=%2Fwp%2Fv2%2Fcategories&post=144699"},{"taxonomy":"post_tag","embeddable":true,"href":"https:\/\/plataformanoticias.mx\/index.php?rest_route=%2Fwp%2Fv2%2Ftags&post=144699"}],"curies":[{"name":"wp","href":"https:\/\/api.w.org\/{rel}","templated":true}]}}