{"id":144703,"date":"2026-09-03T22:06:07","date_gmt":"2026-09-04T05:06:07","guid":{"rendered":"https:\/\/plataformanoticias.mx\/?p=144703"},"modified":"2026-09-03T22:06:07","modified_gmt":"2026-09-04T05:06:07","slug":"colocan-reductores-de-velocidad-en-la-calle-principal-de-la-sindicatura-de-el-cerro-cabezon","status":"publish","type":"post","link":"https:\/\/plataformanoticias.mx\/?p=144703","title":{"rendered":"Colocan reductores de velocidad en la calle principal de la Sindicatura de el Cerro Cabez\u00f3n"},"content":{"rendered":"<p><img loading=\"lazy\" decoding=\"async\" class=\"alignnone size-medium wp-image-144705 aligncenter\" src=\"https:\/\/plataformanoticias.mx\/wp-content\/uploads\/2026\/09\/4f74b6df-a547-4878-9094-0db43f634eef-300x168.jpeg\" alt=\"\" width=\"300\" height=\"168\" srcset=\"https:\/\/plataformanoticias.mx\/wp-content\/uploads\/2026\/09\/4f74b6df-a547-4878-9094-0db43f634eef-300x168.jpeg 300w, https:\/\/plataformanoticias.mx\/wp-content\/uploads\/2026\/09\/4f74b6df-a547-4878-9094-0db43f634eef-1024x575.jpeg 1024w, https:\/\/plataformanoticias.mx\/wp-content\/uploads\/2026\/09\/4f74b6df-a547-4878-9094-0db43f634eef-768x431.jpeg 768w, https:\/\/plataformanoticias.mx\/wp-content\/uploads\/2026\/09\/4f74b6df-a547-4878-9094-0db43f634eef-1536x862.jpeg 1536w, https:\/\/plataformanoticias.mx\/wp-content\/uploads\/2026\/09\/4f74b6df-a547-4878-9094-0db43f634eef.jpeg 1600w\" sizes=\"auto, (max-width: 300px) 100vw, 300px\" \/><\/p>\n<p><strong>Sindicatura de el Cerro Cabez\u00f3n, Juan Jos\u00e9 R\u00edos, Sinaloa.-<\/strong> El Ayuntamiento de Juan Jos\u00e9 R\u00edos que preside la alcaldesa Evangelina Llanes Carre\u00f3n, a trav\u00e9s de la Direcci\u00f3n de Servicios P\u00fablicos, realiz\u00f3 la colocaci\u00f3n de reductores de velocidad en la calle principal de la sindicatura de el Cerro Cabez\u00f3n.<\/p>\n<p>Estos trabajos tienen como objetivo prevenir accidentes, reducir la velocidad de los veh\u00edculos y salvaguardar a los peatones, estudiantes y familias que transitan esta misma calle.<\/p>\n<p>El Gobierno Municipal reitera su compromiso de seguir trabajando por un municipio m\u00e1s seguro y ordenado, atendiendo las necesidades de todas las sindicaturas y comunidades.<\/p>\n","protected":false},"excerpt":{"rendered":"<p>Sindicatura de el Cerro Cabez\u00f3n, Juan Jos\u00e9 R\u00edos, Sinaloa.- El Ayuntamiento de Juan Jos\u00e9 R\u00edos que preside la alcaldesa Evangelina Llanes Carre\u00f3n, a trav\u00e9s de la Direcci\u00f3n de Servicios P\u00fablicos, realiz\u00f3 la colocaci\u00f3n de reductores de velocidad en la calle principal de la sindicatura de el Cerro Cabez\u00f3n. Estos trabajos tienen como objetivo prevenir accidentes,<\/p>\n","protected":false},"author":6,"featured_media":144706,"comment_status":"closed","ping_status":"closed","sticky":false,"template":"","format":"standard","meta":{"footnotes":""},"categories":[38],"tags":[],"class_list":["post-144703","post","type-post","status-publish","format-standard","has-post-thumbnail","hentry","category-locales"],"_links":{"self":[{"href":"https:\/\/plataformanoticias.mx\/index.php?rest_route=\/wp\/v2\/posts\/144703","targetHints":{"allow":["GET"]}}],"collection":[{"href":"https:\/\/plataformanoticias.mx\/index.php?rest_route=\/wp\/v2\/posts"}],"about":[{"href":"https:\/\/plataformanoticias.mx\/index.php?rest_route=\/wp\/v2\/types\/post"}],"author":[{"embeddable":true,"href":"https:\/\/plataformanoticias.mx\/index.php?rest_route=\/wp\/v2\/users\/6"}],"replies":[{"embeddable":true,"href":"https:\/\/plataformanoticias.mx\/index.php?rest_route=%2Fwp%2Fv2%2Fcomments&post=144703"}],"version-history":[{"count":1,"href":"https:\/\/plataformanoticias.mx\/index.php?rest_route=\/wp\/v2\/posts\/144703\/revisions"}],"predecessor-version":[{"id":144707,"href":"https:\/\/plataformanoticias.mx\/index.php?rest_route=\/wp\/v2\/posts\/144703\/revisions\/144707"}],"wp:featuredmedia":[{"embeddable":true,"href":"https:\/\/plataformanoticias.mx\/index.php?rest_route=\/wp\/v2\/media\/144706"}],"wp:attachment":[{"href":"https:\/\/plataformanoticias.mx\/index.php?rest_route=%2Fwp%2Fv2%2Fmedia&parent=144703"}],"wp:term":[{"taxonomy":"category","embeddable":true,"href":"https:\/\/plataformanoticias.mx\/index.php?rest_route=%2Fwp%2Fv2%2Fcategories&post=144703"},{"taxonomy":"post_tag","embeddable":true,"href":"https:\/\/plataformanoticias.mx\/index.php?rest_route=%2Fwp%2Fv2%2Ftags&post=144703"}],"curies":[{"name":"wp","href":"https:\/\/api.w.org\/{rel}","templated":true}]}}