{"id":144708,"date":"2026-09-04T08:34:48","date_gmt":"2026-09-04T15:34:48","guid":{"rendered":"https:\/\/plataformanoticias.mx\/?p=144708"},"modified":"2026-09-04T08:34:48","modified_gmt":"2026-09-04T15:34:48","slug":"mesas-tecnicas-trazan-una-ruta-clara-para-avanzar-con-la-evaluacion-del-proyecto-y-proteccion-de-la-bahia-de-ohuira","status":"publish","type":"post","link":"https:\/\/plataformanoticias.mx\/?p=144708","title":{"rendered":"Mesas t\u00e9cnicas trazan una ruta clara para avanzar con la evaluaci\u00f3n del proyecto y protecci\u00f3n de la Bah\u00eda de Ohuira"},"content":{"rendered":"<p class=\"s11\">\n<p class=\"s14\"><strong><span class=\"s12\"><span class=\"bumpedFont15\">Topolobampo, Sinaloa<\/span><\/span><\/strong><span class=\"s12\"><span class=\"bumpedFont15\"><strong>.<\/strong> \u2014 Recibimos con responsabilidad el inicio de los grupos t\u00e9cnicos que dar\u00e1n continuidad al di\u00e1logo sobre el futuro de la Planta de Fertilizantes y la Bah\u00eda de Ohuira. Para nosotros, esta nueva etapa es una oportunidad para transformar las inquietudes expresadas en decisiones concretas, sustentadas en evidencia cient\u00edfica, informaci\u00f3n verificable y conocimiento del territorio.<\/span><\/span><\/p>\n<p class=\"s14\"><span class=\"s12\"><span class=\"bumpedFont15\">Hemos escuchado con atenci\u00f3n las preocupaciones relacionadas con el uso del agua y con la protecci\u00f3n de la bah\u00eda. Por ello, seguiremos analizando los ajustes t\u00e9cnicos necesarios para que el agua que pudiera utilizar la planta no sea extra\u00edda de la Bah\u00eda de Ohuira y sus descargas no lleguen a ella; este trabajo deber\u00e1 considerar las implicaciones t\u00e9cnicas, jur\u00eddicas y administrativas, y as\u00ed construir tener una base para definir el plan de reingenier\u00eda correspondiente.<\/span><\/span><\/p>\n<p class=\"s14\"><span class=\"s12\"><span class=\"bumpedFont15\">A partir del lunes 7 de septiembre participaremos, junto con las instituciones competentes, en el grupo encargado de revisar estas alternativas. Pondremos a disposici\u00f3n de los especialistas la informaci\u00f3n del proyecto y nuestra capacidad t\u00e9cnica para que las propuestas puedan evaluarse con rigor, sin adelantar conclusiones y con apertura para incorporar los cambios que resulten necesarios.<\/span><\/span><\/p>\n<p class=\"s14\"><span class=\"s12\"><span class=\"bumpedFont15\">Tambi\u00e9n <\/span><\/span><span class=\"s13\"><span class=\"bumpedFont15\">daremos seguimiento <\/span><\/span><span class=\"s12\"><span class=\"bumpedFont15\">a los trabajos para la actualiza<\/span><\/span><span class=\"s13\"><span class=\"bumpedFont15\">ci\u00f3n de<\/span><\/span><span class=\"s12\"><span class=\"bumpedFont15\"> la l\u00ednea base ambiental y elaboraci\u00f3n<\/span><\/span><span class=\"s13\"><span class=\"bumpedFont15\">de <\/span><\/span><span class=\"s12\"><span class=\"bumpedFont15\">un Programa Integral de Restauraci\u00f3n y Conservaci\u00f3n de la Bah\u00eda de Ohuira<\/span><\/span><span class=\"s13\"><span class=\"bumpedFont15\">. Esta mesa <\/span><\/span><span class=\"s12\"><span class=\"bumpedFont15\">comenzar\u00e1<\/span><\/span> <span class=\"s12\"><span class=\"bumpedFont15\">el viernes 11 de septiembre<\/span><\/span><span class=\"s13\"><span class=\"bumpedFont15\"> d\u00f3nde la <\/span><\/span><span class=\"s15\">Secretar\u00eda de Medio Ambiente y Recursos Naturales (SEMARNAT), la Comisi\u00f3n Nacional del Agua (CONAGUA), as\u00ed como acad\u00e9micos y ambientalistas que asesoran al colectivo, expondr\u00e1n la informaci\u00f3n disponible. <\/span><\/p>\n<p class=\"s14\"><span class=\"s12\"><span class=\"bumpedFont15\">Tenemos claro que la confianza no se construye \u00fanicamente con declaraciones, sino con informaci\u00f3n abierta, compromisos cumplidos y resultados verificables. Participaremos en esta etapa con transparencia, apego a la legalidad, respeto a las comunidades y responsabilidad ambiental, manteniendo nuestra disposici\u00f3n a escuchar y contribuir a soluciones que protejan la bah\u00eda y favorezcan un desarrollo responsable para la regi\u00f3n<\/span><\/span><\/p>\n","protected":false},"excerpt":{"rendered":"<p>Topolobampo, Sinaloa. \u2014 Recibimos con responsabilidad el inicio de los grupos t\u00e9cnicos que dar\u00e1n continuidad al di\u00e1logo sobre el futuro de la Planta de Fertilizantes y la Bah\u00eda de Ohuira. Para nosotros, esta nueva etapa es una oportunidad para transformar las inquietudes expresadas en decisiones concretas, sustentadas en evidencia cient\u00edfica, informaci\u00f3n verificable y conocimiento del<\/p>\n","protected":false},"author":6,"featured_media":144710,"comment_status":"closed","ping_status":"closed","sticky":false,"template":"","format":"standard","meta":{"footnotes":""},"categories":[38],"tags":[],"class_list":["post-144708","post","type-post","status-publish","format-standard","has-post-thumbnail","hentry","category-locales"],"_links":{"self":[{"href":"https:\/\/plataformanoticias.mx\/index.php?rest_route=\/wp\/v2\/posts\/144708","targetHints":{"allow":["GET"]}}],"collection":[{"href":"https:\/\/plataformanoticias.mx\/index.php?rest_route=\/wp\/v2\/posts"}],"about":[{"href":"https:\/\/plataformanoticias.mx\/index.php?rest_route=\/wp\/v2\/types\/post"}],"author":[{"embeddable":true,"href":"https:\/\/plataformanoticias.mx\/index.php?rest_route=\/wp\/v2\/users\/6"}],"replies":[{"embeddable":true,"href":"https:\/\/plataformanoticias.mx\/index.php?rest_route=%2Fwp%2Fv2%2Fcomments&post=144708"}],"version-history":[{"count":1,"href":"https:\/\/plataformanoticias.mx\/index.php?rest_route=\/wp\/v2\/posts\/144708\/revisions"}],"predecessor-version":[{"id":144711,"href":"https:\/\/plataformanoticias.mx\/index.php?rest_route=\/wp\/v2\/posts\/144708\/revisions\/144711"}],"wp:featuredmedia":[{"embeddable":true,"href":"https:\/\/plataformanoticias.mx\/index.php?rest_route=\/wp\/v2\/media\/144710"}],"wp:attachment":[{"href":"https:\/\/plataformanoticias.mx\/index.php?rest_route=%2Fwp%2Fv2%2Fmedia&parent=144708"}],"wp:term":[{"taxonomy":"category","embeddable":true,"href":"https:\/\/plataformanoticias.mx\/index.php?rest_route=%2Fwp%2Fv2%2Fcategories&post=144708"},{"taxonomy":"post_tag","embeddable":true,"href":"https:\/\/plataformanoticias.mx\/index.php?rest_route=%2Fwp%2Fv2%2Ftags&post=144708"}],"curies":[{"name":"wp","href":"https:\/\/api.w.org\/{rel}","templated":true}]}}