{"id":144712,"date":"2026-09-04T08:39:33","date_gmt":"2026-09-04T15:39:33","guid":{"rendered":"https:\/\/plataformanoticias.mx\/?p=144712"},"modified":"2026-09-04T08:39:33","modified_gmt":"2026-09-04T15:39:33","slug":"convenio-medico-y-capacitacion-destacan-en-novena-asamblea-de-ammje-representacion-los-mochis","status":"publish","type":"post","link":"https:\/\/plataformanoticias.mx\/?p=144712","title":{"rendered":"Convenio m\u00e9dico y capacitaci\u00f3n destacan en novena asamblea de AMMJE representaci\u00f3n Los Mochis"},"content":{"rendered":"<p>&nbsp;<\/p>\n<p><strong>Los Mochis, Sinaloa.<\/strong>-La Asociaci\u00f3n de Mujeres Mexicanas Jefas de Empresa representaci\u00f3n Los Mochis, firma convenio de colaboraci\u00f3n con Cl\u00ednica \u00c1ngeles y contin\u00faa fortaleciendo la capacitaci\u00f3n con el tema de \u2018Comunicaci\u00f3n humana, proceso de autoconocimiento para el emprendimiento\u2019 durante la novena asamblea.<\/p>\n<p>Dulce Ruiz, presidenta de AMMJE Los Mochis, coment\u00f3 que una de las actividades tiene como objetivo fortalecer la salud de las asociadas y sus colaboradoras; por otra parte, la capacitaci\u00f3n busca impulsar un mayor crecimiento en el \u00e1mbito empresarial, mediante temas seleccionados por las propias integrantes para atender y reforzar las \u00e1reas de oportunidad que identifican.<\/p>\n<p><img loading=\"lazy\" decoding=\"async\" class=\"alignnone size-medium wp-image-144716 aligncenter\" src=\"https:\/\/plataformanoticias.mx\/wp-content\/uploads\/2026\/09\/d50151f9-99a2-487b-98ed-c4c4397dfac4-300x225.jpeg\" alt=\"\" width=\"300\" height=\"225\" srcset=\"https:\/\/plataformanoticias.mx\/wp-content\/uploads\/2026\/09\/d50151f9-99a2-487b-98ed-c4c4397dfac4-300x225.jpeg 300w, https:\/\/plataformanoticias.mx\/wp-content\/uploads\/2026\/09\/d50151f9-99a2-487b-98ed-c4c4397dfac4-1024x768.jpeg 1024w, https:\/\/plataformanoticias.mx\/wp-content\/uploads\/2026\/09\/d50151f9-99a2-487b-98ed-c4c4397dfac4-768x576.jpeg 768w, https:\/\/plataformanoticias.mx\/wp-content\/uploads\/2026\/09\/d50151f9-99a2-487b-98ed-c4c4397dfac4-1536x1152.jpeg 1536w, https:\/\/plataformanoticias.mx\/wp-content\/uploads\/2026\/09\/d50151f9-99a2-487b-98ed-c4c4397dfac4-2048x1536.jpeg 2048w\" sizes=\"auto, (max-width: 300px) 100vw, 300px\" \/><\/p>\n<p>\u201cBuscamos que cada mujer encuentre conexi\u00f3n, encuentre beneficios, encuentre profesionalismo, pero, sobre todo, que encuentre las \u00e1reas de oportunidad que necesita fortalecer y que eso se vea reflejado en el negocio o empresa que ellas est\u00e1n representando\u201d, subray\u00f3.<\/p>\n<p>Por su parte, Nayeli Avil\u00e9s, expositora especializada en Comunicaci\u00f3n Humana y Autoconocimiento, destac\u00f3 la importancia de que cada persona aprenda a expresar sus emociones de manera adecuada, con el prop\u00f3sito de transmitir confianza a sus colaboradores, lo que tambi\u00e9n puede contribuir al fortalecimiento de las empresas.<\/p>\n<p>\u201cVi\u00e9ndolo en el \u00e1mbito empresarial, tener una conexi\u00f3n con nuestros clientes, con nuestros proveedores y con las personas que colaboran con nosotros hace que crezcamos como seres humanos\u201d, mencion\u00f3.<\/p>\n<p>En relaci\u00f3n con el convenio firmado con la Cl\u00ednica \u00c1ngeles, la l\u00edder empresarial Dulce Ruiz explic\u00f3 que las asociadas tendr\u00e1n acceso a importantes descuentos en diversos servicios m\u00e9dicos, entre ellos estudios de laboratorio, hospitalizaci\u00f3n y otros procedimientos, beneficios que tambi\u00e9n podr\u00e1n extenderse a sus trabajadores.<\/p>\n<p><img loading=\"lazy\" decoding=\"async\" class=\"alignnone size-medium wp-image-144717 aligncenter\" src=\"https:\/\/plataformanoticias.mx\/wp-content\/uploads\/2026\/09\/36e420ff-910e-46bc-92d9-0bd7a0bd6973-300x225.jpeg\" alt=\"\" width=\"300\" height=\"225\" srcset=\"https:\/\/plataformanoticias.mx\/wp-content\/uploads\/2026\/09\/36e420ff-910e-46bc-92d9-0bd7a0bd6973-300x225.jpeg 300w, https:\/\/plataformanoticias.mx\/wp-content\/uploads\/2026\/09\/36e420ff-910e-46bc-92d9-0bd7a0bd6973-1024x768.jpeg 1024w, https:\/\/plataformanoticias.mx\/wp-content\/uploads\/2026\/09\/36e420ff-910e-46bc-92d9-0bd7a0bd6973-768x576.jpeg 768w, https:\/\/plataformanoticias.mx\/wp-content\/uploads\/2026\/09\/36e420ff-910e-46bc-92d9-0bd7a0bd6973-1536x1152.jpeg 1536w, https:\/\/plataformanoticias.mx\/wp-content\/uploads\/2026\/09\/36e420ff-910e-46bc-92d9-0bd7a0bd6973-2048x1536.jpeg 2048w\" sizes=\"auto, (max-width: 300px) 100vw, 300px\" \/><\/p>\n<p>El convenio m\u00e9dico fue posible con la colaboraci\u00f3n de el Dr. Jos\u00e9 \u00c1ngel Peraza Nev\u00e1rez, director de la Cl\u00ednica \u00c1ngeles Los Mochis, quien mostr\u00f3 su inter\u00e9s en hacer sinergia con empresar\u00edas ahomenses.<\/p>\n<p>Adem\u00e1s, durante la asamblea se dio la bienvenida a cuatro nuevas integrantes a AMMJE: Sandra Elidia Coral Gamero, Alicia Elvira Morales Garibay, Guadalupe Gonz\u00e1lez Vizcarra y Brianda Johana Llanes R\u00e1bago, quienes tomaron protesta al finalizar la reuni\u00f3n para incorporarse formalmente a la organizaci\u00f3n.<\/p>\n","protected":false},"excerpt":{"rendered":"<p>&nbsp; Los Mochis, Sinaloa.-La Asociaci\u00f3n de Mujeres Mexicanas Jefas de Empresa representaci\u00f3n Los Mochis, firma convenio de colaboraci\u00f3n con Cl\u00ednica \u00c1ngeles y contin\u00faa fortaleciendo la capacitaci\u00f3n con el tema de \u2018Comunicaci\u00f3n humana, proceso de autoconocimiento para el emprendimiento\u2019 durante la novena asamblea. Dulce Ruiz, presidenta de AMMJE Los Mochis, coment\u00f3 que una de las actividades<\/p>\n","protected":false},"author":6,"featured_media":144714,"comment_status":"closed","ping_status":"closed","sticky":false,"template":"","format":"standard","meta":{"footnotes":""},"categories":[38],"tags":[],"class_list":["post-144712","post","type-post","status-publish","format-standard","has-post-thumbnail","hentry","category-locales"],"_links":{"self":[{"href":"https:\/\/plataformanoticias.mx\/index.php?rest_route=\/wp\/v2\/posts\/144712","targetHints":{"allow":["GET"]}}],"collection":[{"href":"https:\/\/plataformanoticias.mx\/index.php?rest_route=\/wp\/v2\/posts"}],"about":[{"href":"https:\/\/plataformanoticias.mx\/index.php?rest_route=\/wp\/v2\/types\/post"}],"author":[{"embeddable":true,"href":"https:\/\/plataformanoticias.mx\/index.php?rest_route=\/wp\/v2\/users\/6"}],"replies":[{"embeddable":true,"href":"https:\/\/plataformanoticias.mx\/index.php?rest_route=%2Fwp%2Fv2%2Fcomments&post=144712"}],"version-history":[{"count":1,"href":"https:\/\/plataformanoticias.mx\/index.php?rest_route=\/wp\/v2\/posts\/144712\/revisions"}],"predecessor-version":[{"id":144718,"href":"https:\/\/plataformanoticias.mx\/index.php?rest_route=\/wp\/v2\/posts\/144712\/revisions\/144718"}],"wp:featuredmedia":[{"embeddable":true,"href":"https:\/\/plataformanoticias.mx\/index.php?rest_route=\/wp\/v2\/media\/144714"}],"wp:attachment":[{"href":"https:\/\/plataformanoticias.mx\/index.php?rest_route=%2Fwp%2Fv2%2Fmedia&parent=144712"}],"wp:term":[{"taxonomy":"category","embeddable":true,"href":"https:\/\/plataformanoticias.mx\/index.php?rest_route=%2Fwp%2Fv2%2Fcategories&post=144712"},{"taxonomy":"post_tag","embeddable":true,"href":"https:\/\/plataformanoticias.mx\/index.php?rest_route=%2Fwp%2Fv2%2Ftags&post=144712"}],"curies":[{"name":"wp","href":"https:\/\/api.w.org\/{rel}","templated":true}]}}