{"id":144719,"date":"2026-09-04T08:42:17","date_gmt":"2026-09-04T15:42:17","guid":{"rendered":"https:\/\/plataformanoticias.mx\/?p=144719"},"modified":"2026-09-04T08:42:17","modified_gmt":"2026-09-04T15:42:17","slug":"imelda-castro-anuncia-recorridos-por-3-mil-800-comites-de-morena-en-sinaloa","status":"publish","type":"post","link":"https:\/\/plataformanoticias.mx\/?p=144719","title":{"rendered":"Imelda Castro anuncia recorridos por 3 mil 800 comit\u00e9s de Morena en Sinaloa"},"content":{"rendered":"<p>La coordinadora de Morena anunci\u00f3 recorridos por el estado para fortalecer la estructura de Morena y partidos aliados para promover el Segundo Informe de Claudia Sheinbaum<\/p>\n<p><strong>CULIAC\u00c1N, Sinaloa.\u2014<\/strong> La coordinadora de la Defensa de la Transformaci\u00f3n y la Soberan\u00eda Nacional en Sinaloa, Imelda Castro Castro, inform\u00f3 que iniciar\u00e1 en las pr\u00f3ximas semanas un recorrido para la divulgaci\u00f3n del Segundo Informe de Gobierno de la presidenta Claudia Sheinbaum, as\u00ed como para sostener encuentros con la estructura de Morena y partidos aliados en el estado.<br \/>\n\u201cDecirles a los militantes de Morena que somos m\u00e1s de 300 000 en Sinaloa; a los militantes del Partido Verde, a los militantes del Partido del Trabajo, que los vamos a visitar en sus casas; que vamos a ir con ellos, con las estructuras, con los coordinadores de organizaci\u00f3n territorial, los COT, los presidentes y secretarios, secretarias, presidentas de los 3800 comit\u00e9s seccionales que tenemos en Sinaloa\u201d, precis\u00f3.<br \/>\nPara esta nueva etapa, la senadora con licencia reafirm\u00f3 la unidad del movimiento de la 4T en la entidad y anunci\u00f3 que este viernes se tendr\u00e1 la visita en Culiac\u00e1n del \u00e1rea de organizaci\u00f3n del Consejo Nacional de Morena, encabezados por la presidenta del CEN, Ariadna Montiel, con el objetivo de tener un encuentro con los coordinadores de organizaci\u00f3n territorial, as\u00ed como con los comit\u00e9s municipales.<br \/>\n\u201cNuestra tarea ahora es trabajar hacia adentro de las estructuras para organizar esta fuerza, capacitar esta fuerza, prepararla para el proceso electoral de 2027\u201d, precis\u00f3.<br \/>\nDel mismo modo, Imelda Castro mencion\u00f3 que la convocatoria para las coordinaciones distritales federales est\u00e1 por publicarse, con lo que se estar\u00eda nombrando siete encargos, y posteriormente, seguir\u00eda el turno de la convocatoria para las alcald\u00edas: \u201cCada quien va a caminar en el lugar que quiere incidir para ganar la encuesta\u201d, opin\u00f3.<br \/>\nSobre ambas convocatorias, la coordinadora estatal consider\u00f3 que todas y todos los aspirantes tendr\u00e1n que caminar su territorio y sensibilizarse; adem\u00e1s, dijo que nadie pierde en este proceso ya que se cuenta con un proyecto muy extenso donde \u201ctodo mundo cabe\u201d. Al respecto, destac\u00f3 que Morena ha construido un semillero de liderazgos pol\u00edticos. Opin\u00f3 que, si bien el movimiento lo dirige el pueblo, la gente, tambi\u00e9n se han consolidado muchos perfiles.<\/p>\n","protected":false},"excerpt":{"rendered":"<p>La coordinadora de Morena anunci\u00f3 recorridos por el estado para fortalecer la estructura de Morena y partidos aliados para promover el Segundo Informe de Claudia Sheinbaum CULIAC\u00c1N, Sinaloa.\u2014 La coordinadora de la Defensa de la Transformaci\u00f3n y la Soberan\u00eda Nacional en Sinaloa, Imelda Castro Castro, inform\u00f3 que iniciar\u00e1 en las pr\u00f3ximas semanas un recorrido para<\/p>\n","protected":false},"author":6,"featured_media":144721,"comment_status":"closed","ping_status":"closed","sticky":false,"template":"","format":"standard","meta":{"footnotes":""},"categories":[31],"tags":[],"class_list":["post-144719","post","type-post","status-publish","format-standard","has-post-thumbnail","hentry","category-politica"],"_links":{"self":[{"href":"https:\/\/plataformanoticias.mx\/index.php?rest_route=\/wp\/v2\/posts\/144719","targetHints":{"allow":["GET"]}}],"collection":[{"href":"https:\/\/plataformanoticias.mx\/index.php?rest_route=\/wp\/v2\/posts"}],"about":[{"href":"https:\/\/plataformanoticias.mx\/index.php?rest_route=\/wp\/v2\/types\/post"}],"author":[{"embeddable":true,"href":"https:\/\/plataformanoticias.mx\/index.php?rest_route=\/wp\/v2\/users\/6"}],"replies":[{"embeddable":true,"href":"https:\/\/plataformanoticias.mx\/index.php?rest_route=%2Fwp%2Fv2%2Fcomments&post=144719"}],"version-history":[{"count":1,"href":"https:\/\/plataformanoticias.mx\/index.php?rest_route=\/wp\/v2\/posts\/144719\/revisions"}],"predecessor-version":[{"id":144722,"href":"https:\/\/plataformanoticias.mx\/index.php?rest_route=\/wp\/v2\/posts\/144719\/revisions\/144722"}],"wp:featuredmedia":[{"embeddable":true,"href":"https:\/\/plataformanoticias.mx\/index.php?rest_route=\/wp\/v2\/media\/144721"}],"wp:attachment":[{"href":"https:\/\/plataformanoticias.mx\/index.php?rest_route=%2Fwp%2Fv2%2Fmedia&parent=144719"}],"wp:term":[{"taxonomy":"category","embeddable":true,"href":"https:\/\/plataformanoticias.mx\/index.php?rest_route=%2Fwp%2Fv2%2Fcategories&post=144719"},{"taxonomy":"post_tag","embeddable":true,"href":"https:\/\/plataformanoticias.mx\/index.php?rest_route=%2Fwp%2Fv2%2Ftags&post=144719"}],"curies":[{"name":"wp","href":"https:\/\/api.w.org\/{rel}","templated":true}]}}